{"id":11734,"date":"2024-12-19T20:48:09","date_gmt":"2024-12-19T19:48:09","guid":{"rendered":"https:\/\/www.feuerwehr-daun.de\/wp\/?p=11734"},"modified":"2024-12-19T20:48:11","modified_gmt":"2024-12-19T19:48:11","slug":"einsatz-159-und-160-2024-besetzug-fez-brandmeldeanlage-und-verkehrsunfall","status":"publish","type":"post","link":"https:\/\/www.feuerwehr-daun.de\/wp\/einsatz-159-und-160-2024-besetzug-fez-brandmeldeanlage-und-verkehrsunfall\/","title":{"rendered":"Einsatz 159 und 160\/2024: Besetzug FEZ &#8211; Brandmeldeanlage und Verkehrsunfall"},"content":{"rendered":"\n<p>Jeweils einmal musste die Feuerwehr Daun am 18.12. und am 19.12.2024 die FEZ im Dauner Feuerwehrhaus besetzen.<\/p>\n\n\n\n<p>Am 18.12.2024 wurde die FEZ um 14.54 Uhr besetzt, da die Feuerwehren aus Darscheid und Sch\u00f6nbach zu einer Brandmeldeanlage in einer Fachklinik bei Darscheid ausr\u00fcckten.<\/p>\n\n\n\n<p>Kurz nach Mitternacht, um 00.07 Uhr des 19.12.2024 musste die FEZ erneut besetzt werden, diesmal f\u00fcr die Feuerwehren Mehren, die zu einem Verkehrsunfall auf die B 421 ausr\u00fcckte.<\/p>\n","protected":false},"excerpt":{"rendered":"<p>Jeweils einmal musste die Feuerwehr Daun am 18.12. und am 19.12.2024 die FEZ im Dauner Feuerwehrhaus besetzen. Am 18.12.2024 wurde die FEZ um 14.54 Uhr besetzt, da die Feuerwehren aus Darscheid und Sch\u00f6nbach zu einer Brandmeldeanlage in einer Fachklinik bei Darscheid ausr\u00fcckten. Kurz nach Mitternacht, um 00.07 Uhr des 19.12.2024 musste die FEZ erneut besetzt werden, diesmal f\u00fcr die Feuerwehren [&#8230;]<\/p>\n","protected":false},"author":8,"featured_media":10336,"comment_status":"closed","ping_status":"open","sticky":false,"template":"","format":"standard","meta":{"_s2mail":"yes","footnotes":""},"categories":[1,75,5,77,65],"tags":[],"class_list":["post-11734","post","type-post","status-publish","format-standard","has-post-thumbnail","hentry","category-aktuelles","category-brandmeldeanlage","category-einsatze","category-einsaetze-2024","category-fez"],"yoast_head":"<!-- This site is optimized with the Yoast SEO plugin v27.5 - https:\/\/yoast.com\/product\/yoast-seo-wordpress\/ -->\n<title>Einsatz 159 und 160\/2024: Besetzug FEZ - Brandmeldeanlage und Verkehrsunfall - Freiwillige Feuerwehr Daun<\/title>\n<meta name=\"robots\" content=\"index, follow, max-snippet:-1, max-image-preview:large, max-video-preview:-1\" \/>\n<link rel=\"canonical\" href=\"https:\/\/www.feuerwehr-daun.de\/wp\/einsatz-159-und-160-2024-besetzug-fez-brandmeldeanlage-und-verkehrsunfall\/\" \/>\n<meta property=\"og:locale\" content=\"de_DE\" \/>\n<meta property=\"og:type\" content=\"article\" \/>\n<meta property=\"og:title\" content=\"Einsatz 159 und 160\/2024: Besetzug FEZ - Brandmeldeanlage und Verkehrsunfall - Freiwillige Feuerwehr Daun\" \/>\n<meta property=\"og:description\" content=\"Jeweils einmal musste die Feuerwehr Daun am 18.12. und am 19.12.2024 die FEZ im Dauner Feuerwehrhaus besetzen. Am 18.12.2024 wurde die FEZ um 14.54 Uhr besetzt, da die Feuerwehren aus Darscheid und Sch\u00f6nbach zu einer Brandmeldeanlage in einer Fachklinik bei Darscheid ausr\u00fcckten. Kurz nach Mitternacht, um 00.07 Uhr des 19.12.2024 musste die FEZ erneut besetzt werden, diesmal f\u00fcr die Feuerwehren [...]\" \/>\n<meta property=\"og:url\" content=\"https:\/\/www.feuerwehr-daun.de\/wp\/einsatz-159-und-160-2024-besetzug-fez-brandmeldeanlage-und-verkehrsunfall\/\" \/>\n<meta property=\"og:site_name\" content=\"Freiwillige Feuerwehr Daun\" \/>\n<meta property=\"article:publisher\" content=\"http:\/\/www.facebook.com\/feuerwehr.daun\/\" \/>\n<meta property=\"article:published_time\" content=\"2024-12-19T19:48:09+00:00\" \/>\n<meta property=\"article:modified_time\" content=\"2024-12-19T19:48:11+00:00\" \/>\n<meta property=\"og:image\" content=\"http:\/\/www.feuerwehr-daun.de\/wp\/wp-content\/uploads\/2023\/07\/FEZ-15.jpg\" \/>\n\t<meta property=\"og:image:width\" content=\"900\" \/>\n\t<meta property=\"og:image:height\" content=\"400\" \/>\n\t<meta property=\"og:image:type\" content=\"image\/jpeg\" \/>\n<meta name=\"author\" content=\"Christoph\" \/>\n<meta name=\"twitter:card\" content=\"summary_large_image\" \/>\n<meta name=\"twitter:creator\" content=\"@Feuerwehr_Daun\" \/>\n<meta name=\"twitter:site\" content=\"@Feuerwehr_Daun\" \/>\n<meta name=\"twitter:label1\" content=\"Verfasst von\" \/>\n\t<meta name=\"twitter:data1\" content=\"Christoph\" \/>\n\t<meta name=\"twitter:label2\" content=\"Gesch\u00e4tzte Lesezeit\" \/>\n\t<meta name=\"twitter:data2\" content=\"1\u00a0Minute\" \/>\n<script type=\"application\/ld+json\" class=\"yoast-schema-graph\">{\"@context\":\"https:\\\/\\\/schema.org\",\"@graph\":[{\"@type\":\"Article\",\"@id\":\"https:\\\/\\\/www.feuerwehr-daun.de\\\/wp\\\/einsatz-159-und-160-2024-besetzug-fez-brandmeldeanlage-und-verkehrsunfall\\\/#article\",\"isPartOf\":{\"@id\":\"https:\\\/\\\/www.feuerwehr-daun.de\\\/wp\\\/einsatz-159-und-160-2024-besetzug-fez-brandmeldeanlage-und-verkehrsunfall\\\/\"},\"author\":{\"name\":\"Christoph\",\"@id\":\"https:\\\/\\\/www.feuerwehr-daun.de\\\/wp\\\/#\\\/schema\\\/person\\\/8c87bdb81b56f1d6ee9deaf0b837dca8\"},\"headline\":\"Einsatz 159 und 160\\\/2024: Besetzug FEZ &#8211; Brandmeldeanlage und Verkehrsunfall\",\"datePublished\":\"2024-12-19T19:48:09+00:00\",\"dateModified\":\"2024-12-19T19:48:11+00:00\",\"mainEntityOfPage\":{\"@id\":\"https:\\\/\\\/www.feuerwehr-daun.de\\\/wp\\\/einsatz-159-und-160-2024-besetzug-fez-brandmeldeanlage-und-verkehrsunfall\\\/\"},\"wordCount\":75,\"image\":{\"@id\":\"https:\\\/\\\/www.feuerwehr-daun.de\\\/wp\\\/einsatz-159-und-160-2024-besetzug-fez-brandmeldeanlage-und-verkehrsunfall\\\/#primaryimage\"},\"thumbnailUrl\":\"https:\\\/\\\/www.feuerwehr-daun.de\\\/wp\\\/wp-content\\\/uploads\\\/2023\\\/07\\\/FEZ-15.jpg\",\"articleSection\":[\"Aktuelles\",\"Brandmeldeanlage\",\"Eins\u00e4tze\",\"Eins\u00e4tze 2024\",\"FEZ\"],\"inLanguage\":\"de\"},{\"@type\":\"WebPage\",\"@id\":\"https:\\\/\\\/www.feuerwehr-daun.de\\\/wp\\\/einsatz-159-und-160-2024-besetzug-fez-brandmeldeanlage-und-verkehrsunfall\\\/\",\"url\":\"https:\\\/\\\/www.feuerwehr-daun.de\\\/wp\\\/einsatz-159-und-160-2024-besetzug-fez-brandmeldeanlage-und-verkehrsunfall\\\/\",\"name\":\"Einsatz 159 und 160\\\/2024: Besetzug FEZ - Brandmeldeanlage und Verkehrsunfall - Freiwillige Feuerwehr Daun\",\"isPartOf\":{\"@id\":\"https:\\\/\\\/www.feuerwehr-daun.de\\\/wp\\\/#website\"},\"primaryImageOfPage\":{\"@id\":\"https:\\\/\\\/www.feuerwehr-daun.de\\\/wp\\\/einsatz-159-und-160-2024-besetzug-fez-brandmeldeanlage-und-verkehrsunfall\\\/#primaryimage\"},\"image\":{\"@id\":\"https:\\\/\\\/www.feuerwehr-daun.de\\\/wp\\\/einsatz-159-und-160-2024-besetzug-fez-brandmeldeanlage-und-verkehrsunfall\\\/#primaryimage\"},\"thumbnailUrl\":\"https:\\\/\\\/www.feuerwehr-daun.de\\\/wp\\\/wp-content\\\/uploads\\\/2023\\\/07\\\/FEZ-15.jpg\",\"datePublished\":\"2024-12-19T19:48:09+00:00\",\"dateModified\":\"2024-12-19T19:48:11+00:00\",\"author\":{\"@id\":\"https:\\\/\\\/www.feuerwehr-daun.de\\\/wp\\\/#\\\/schema\\\/person\\\/8c87bdb81b56f1d6ee9deaf0b837dca8\"},\"breadcrumb\":{\"@id\":\"https:\\\/\\\/www.feuerwehr-daun.de\\\/wp\\\/einsatz-159-und-160-2024-besetzug-fez-brandmeldeanlage-und-verkehrsunfall\\\/#breadcrumb\"},\"inLanguage\":\"de\",\"potentialAction\":[{\"@type\":\"ReadAction\",\"target\":[\"https:\\\/\\\/www.feuerwehr-daun.de\\\/wp\\\/einsatz-159-und-160-2024-besetzug-fez-brandmeldeanlage-und-verkehrsunfall\\\/\"]}]},{\"@type\":\"ImageObject\",\"inLanguage\":\"de\",\"@id\":\"https:\\\/\\\/www.feuerwehr-daun.de\\\/wp\\\/einsatz-159-und-160-2024-besetzug-fez-brandmeldeanlage-und-verkehrsunfall\\\/#primaryimage\",\"url\":\"https:\\\/\\\/www.feuerwehr-daun.de\\\/wp\\\/wp-content\\\/uploads\\\/2023\\\/07\\\/FEZ-15.jpg\",\"contentUrl\":\"https:\\\/\\\/www.feuerwehr-daun.de\\\/wp\\\/wp-content\\\/uploads\\\/2023\\\/07\\\/FEZ-15.jpg\",\"width\":900,\"height\":400},{\"@type\":\"BreadcrumbList\",\"@id\":\"https:\\\/\\\/www.feuerwehr-daun.de\\\/wp\\\/einsatz-159-und-160-2024-besetzug-fez-brandmeldeanlage-und-verkehrsunfall\\\/#breadcrumb\",\"itemListElement\":[{\"@type\":\"ListItem\",\"position\":1,\"name\":\"Startseite\",\"item\":\"https:\\\/\\\/www.feuerwehr-daun.de\\\/wp\\\/\"},{\"@type\":\"ListItem\",\"position\":2,\"name\":\"Einsatz 159 und 160\\\/2024: Besetzug FEZ &#8211; Brandmeldeanlage und Verkehrsunfall\"}]},{\"@type\":\"WebSite\",\"@id\":\"https:\\\/\\\/www.feuerwehr-daun.de\\\/wp\\\/#website\",\"url\":\"https:\\\/\\\/www.feuerwehr-daun.de\\\/wp\\\/\",\"name\":\"Freiwillige Feuerwehr Daun\",\"description\":\"\",\"potentialAction\":[{\"@type\":\"SearchAction\",\"target\":{\"@type\":\"EntryPoint\",\"urlTemplate\":\"https:\\\/\\\/www.feuerwehr-daun.de\\\/wp\\\/?s={search_term_string}\"},\"query-input\":{\"@type\":\"PropertyValueSpecification\",\"valueRequired\":true,\"valueName\":\"search_term_string\"}}],\"inLanguage\":\"de\"},{\"@type\":\"Person\",\"@id\":\"https:\\\/\\\/www.feuerwehr-daun.de\\\/wp\\\/#\\\/schema\\\/person\\\/8c87bdb81b56f1d6ee9deaf0b837dca8\",\"name\":\"Christoph\",\"url\":\"https:\\\/\\\/www.feuerwehr-daun.de\\\/wp\\\/author\\\/christoph\\\/\"}]}<\/script>\n<!-- \/ Yoast SEO plugin. -->","yoast_head_json":{"title":"Einsatz 159 und 160\/2024: Besetzug FEZ - Brandmeldeanlage und Verkehrsunfall - Freiwillige Feuerwehr Daun","robots":{"index":"index","follow":"follow","max-snippet":"max-snippet:-1","max-image-preview":"max-image-preview:large","max-video-preview":"max-video-preview:-1"},"canonical":"https:\/\/www.feuerwehr-daun.de\/wp\/einsatz-159-und-160-2024-besetzug-fez-brandmeldeanlage-und-verkehrsunfall\/","og_locale":"de_DE","og_type":"article","og_title":"Einsatz 159 und 160\/2024: Besetzug FEZ - Brandmeldeanlage und Verkehrsunfall - Freiwillige Feuerwehr Daun","og_description":"Jeweils einmal musste die Feuerwehr Daun am 18.12. und am 19.12.2024 die FEZ im Dauner Feuerwehrhaus besetzen. Am 18.12.2024 wurde die FEZ um 14.54 Uhr besetzt, da die Feuerwehren aus Darscheid und Sch\u00f6nbach zu einer Brandmeldeanlage in einer Fachklinik bei Darscheid ausr\u00fcckten. Kurz nach Mitternacht, um 00.07 Uhr des 19.12.2024 musste die FEZ erneut besetzt werden, diesmal f\u00fcr die Feuerwehren [...]","og_url":"https:\/\/www.feuerwehr-daun.de\/wp\/einsatz-159-und-160-2024-besetzug-fez-brandmeldeanlage-und-verkehrsunfall\/","og_site_name":"Freiwillige Feuerwehr Daun","article_publisher":"http:\/\/www.facebook.com\/feuerwehr.daun\/","article_published_time":"2024-12-19T19:48:09+00:00","article_modified_time":"2024-12-19T19:48:11+00:00","og_image":[{"width":900,"height":400,"url":"http:\/\/www.feuerwehr-daun.de\/wp\/wp-content\/uploads\/2023\/07\/FEZ-15.jpg","type":"image\/jpeg"}],"author":"Christoph","twitter_card":"summary_large_image","twitter_creator":"@Feuerwehr_Daun","twitter_site":"@Feuerwehr_Daun","twitter_misc":{"Verfasst von":"Christoph","Gesch\u00e4tzte Lesezeit":"1\u00a0Minute"},"schema":{"@context":"https:\/\/schema.org","@graph":[{"@type":"Article","@id":"https:\/\/www.feuerwehr-daun.de\/wp\/einsatz-159-und-160-2024-besetzug-fez-brandmeldeanlage-und-verkehrsunfall\/#article","isPartOf":{"@id":"https:\/\/www.feuerwehr-daun.de\/wp\/einsatz-159-und-160-2024-besetzug-fez-brandmeldeanlage-und-verkehrsunfall\/"},"author":{"name":"Christoph","@id":"https:\/\/www.feuerwehr-daun.de\/wp\/#\/schema\/person\/8c87bdb81b56f1d6ee9deaf0b837dca8"},"headline":"Einsatz 159 und 160\/2024: Besetzug FEZ &#8211; Brandmeldeanlage und Verkehrsunfall","datePublished":"2024-12-19T19:48:09+00:00","dateModified":"2024-12-19T19:48:11+00:00","mainEntityOfPage":{"@id":"https:\/\/www.feuerwehr-daun.de\/wp\/einsatz-159-und-160-2024-besetzug-fez-brandmeldeanlage-und-verkehrsunfall\/"},"wordCount":75,"image":{"@id":"https:\/\/www.feuerwehr-daun.de\/wp\/einsatz-159-und-160-2024-besetzug-fez-brandmeldeanlage-und-verkehrsunfall\/#primaryimage"},"thumbnailUrl":"https:\/\/www.feuerwehr-daun.de\/wp\/wp-content\/uploads\/2023\/07\/FEZ-15.jpg","articleSection":["Aktuelles","Brandmeldeanlage","Eins\u00e4tze","Eins\u00e4tze 2024","FEZ"],"inLanguage":"de"},{"@type":"WebPage","@id":"https:\/\/www.feuerwehr-daun.de\/wp\/einsatz-159-und-160-2024-besetzug-fez-brandmeldeanlage-und-verkehrsunfall\/","url":"https:\/\/www.feuerwehr-daun.de\/wp\/einsatz-159-und-160-2024-besetzug-fez-brandmeldeanlage-und-verkehrsunfall\/","name":"Einsatz 159 und 160\/2024: Besetzug FEZ - Brandmeldeanlage und Verkehrsunfall - Freiwillige Feuerwehr Daun","isPartOf":{"@id":"https:\/\/www.feuerwehr-daun.de\/wp\/#website"},"primaryImageOfPage":{"@id":"https:\/\/www.feuerwehr-daun.de\/wp\/einsatz-159-und-160-2024-besetzug-fez-brandmeldeanlage-und-verkehrsunfall\/#primaryimage"},"image":{"@id":"https:\/\/www.feuerwehr-daun.de\/wp\/einsatz-159-und-160-2024-besetzug-fez-brandmeldeanlage-und-verkehrsunfall\/#primaryimage"},"thumbnailUrl":"https:\/\/www.feuerwehr-daun.de\/wp\/wp-content\/uploads\/2023\/07\/FEZ-15.jpg","datePublished":"2024-12-19T19:48:09+00:00","dateModified":"2024-12-19T19:48:11+00:00","author":{"@id":"https:\/\/www.feuerwehr-daun.de\/wp\/#\/schema\/person\/8c87bdb81b56f1d6ee9deaf0b837dca8"},"breadcrumb":{"@id":"https:\/\/www.feuerwehr-daun.de\/wp\/einsatz-159-und-160-2024-besetzug-fez-brandmeldeanlage-und-verkehrsunfall\/#breadcrumb"},"inLanguage":"de","potentialAction":[{"@type":"ReadAction","target":["https:\/\/www.feuerwehr-daun.de\/wp\/einsatz-159-und-160-2024-besetzug-fez-brandmeldeanlage-und-verkehrsunfall\/"]}]},{"@type":"ImageObject","inLanguage":"de","@id":"https:\/\/www.feuerwehr-daun.de\/wp\/einsatz-159-und-160-2024-besetzug-fez-brandmeldeanlage-und-verkehrsunfall\/#primaryimage","url":"https:\/\/www.feuerwehr-daun.de\/wp\/wp-content\/uploads\/2023\/07\/FEZ-15.jpg","contentUrl":"https:\/\/www.feuerwehr-daun.de\/wp\/wp-content\/uploads\/2023\/07\/FEZ-15.jpg","width":900,"height":400},{"@type":"BreadcrumbList","@id":"https:\/\/www.feuerwehr-daun.de\/wp\/einsatz-159-und-160-2024-besetzug-fez-brandmeldeanlage-und-verkehrsunfall\/#breadcrumb","itemListElement":[{"@type":"ListItem","position":1,"name":"Startseite","item":"https:\/\/www.feuerwehr-daun.de\/wp\/"},{"@type":"ListItem","position":2,"name":"Einsatz 159 und 160\/2024: Besetzug FEZ &#8211; Brandmeldeanlage und Verkehrsunfall"}]},{"@type":"WebSite","@id":"https:\/\/www.feuerwehr-daun.de\/wp\/#website","url":"https:\/\/www.feuerwehr-daun.de\/wp\/","name":"Freiwillige Feuerwehr Daun","description":"","potentialAction":[{"@type":"SearchAction","target":{"@type":"EntryPoint","urlTemplate":"https:\/\/www.feuerwehr-daun.de\/wp\/?s={search_term_string}"},"query-input":{"@type":"PropertyValueSpecification","valueRequired":true,"valueName":"search_term_string"}}],"inLanguage":"de"},{"@type":"Person","@id":"https:\/\/www.feuerwehr-daun.de\/wp\/#\/schema\/person\/8c87bdb81b56f1d6ee9deaf0b837dca8","name":"Christoph","url":"https:\/\/www.feuerwehr-daun.de\/wp\/author\/christoph\/"}]}},"_links":{"self":[{"href":"https:\/\/www.feuerwehr-daun.de\/wp\/wp-json\/wp\/v2\/posts\/11734","targetHints":{"allow":["GET"]}}],"collection":[{"href":"https:\/\/www.feuerwehr-daun.de\/wp\/wp-json\/wp\/v2\/posts"}],"about":[{"href":"https:\/\/www.feuerwehr-daun.de\/wp\/wp-json\/wp\/v2\/types\/post"}],"author":[{"embeddable":true,"href":"https:\/\/www.feuerwehr-daun.de\/wp\/wp-json\/wp\/v2\/users\/8"}],"replies":[{"embeddable":true,"href":"https:\/\/www.feuerwehr-daun.de\/wp\/wp-json\/wp\/v2\/comments?post=11734"}],"version-history":[{"count":2,"href":"https:\/\/www.feuerwehr-daun.de\/wp\/wp-json\/wp\/v2\/posts\/11734\/revisions"}],"predecessor-version":[{"id":11736,"href":"https:\/\/www.feuerwehr-daun.de\/wp\/wp-json\/wp\/v2\/posts\/11734\/revisions\/11736"}],"wp:featuredmedia":[{"embeddable":true,"href":"https:\/\/www.feuerwehr-daun.de\/wp\/wp-json\/wp\/v2\/media\/10336"}],"wp:attachment":[{"href":"https:\/\/www.feuerwehr-daun.de\/wp\/wp-json\/wp\/v2\/media?parent=11734"}],"wp:term":[{"taxonomy":"category","embeddable":true,"href":"https:\/\/www.feuerwehr-daun.de\/wp\/wp-json\/wp\/v2\/categories?post=11734"},{"taxonomy":"post_tag","embeddable":true,"href":"https:\/\/www.feuerwehr-daun.de\/wp\/wp-json\/wp\/v2\/tags?post=11734"}],"curies":[{"name":"wp","href":"https:\/\/api.w.org\/{rel}","templated":true}]}}