{"id":11803,"date":"2025-01-13T11:54:52","date_gmt":"2025-01-13T10:54:52","guid":{"rendered":"https:\/\/www.feuerwehr-daun.de\/wp\/?p=11803"},"modified":"2025-01-13T11:56:08","modified_gmt":"2025-01-13T10:56:08","slug":"einsatz-08-2025-besetzung-fez-tragehilfe-in-uedersdorf","status":"publish","type":"post","link":"https:\/\/www.feuerwehr-daun.de\/wp\/einsatz-08-2025-besetzung-fez-tragehilfe-in-uedersdorf\/","title":{"rendered":"Einsatz 08\/2025: Besetzung FEZ &#8211; Tragehilfe in Bleckhausen"},"content":{"rendered":"\n<p>Am 12.01.2025 wurde die Feuerwehr Daun um 13.13 Uhr alarmiert, um die FEZ zu besetzen, da die Feuerwehren aus Bleckhausen und \u00dcdersdorf zu einer Tragehilfe als Unterst\u00fctzung des Rettungsdienstes nach Bleckhausen ausr\u00fcckten. <\/p>\n","protected":false},"excerpt":{"rendered":"<p>Am 12.01.2025 wurde die Feuerwehr Daun um 13.13 Uhr alarmiert, um die FEZ zu besetzen, da die Feuerwehren aus Bleckhausen und \u00dcdersdorf zu einer Tragehilfe als Unterst\u00fctzung des Rettungsdienstes nach Bleckhausen ausr\u00fcckten.<\/p>\n","protected":false},"author":8,"featured_media":10339,"comment_status":"closed","ping_status":"open","sticky":false,"template":"","format":"standard","meta":{"_s2mail":"yes","footnotes":""},"categories":[1,5,82,65],"tags":[],"class_list":["post-11803","post","type-post","status-publish","format-standard","has-post-thumbnail","hentry","category-aktuelles","category-einsatze","category-einsaetze-2025","category-fez"],"yoast_head":"<!-- This site is optimized with the Yoast SEO plugin v27.4 - https:\/\/yoast.com\/product\/yoast-seo-wordpress\/ -->\n<title>Einsatz 08\/2025: Besetzung FEZ - Tragehilfe in Bleckhausen - Freiwillige Feuerwehr Daun<\/title>\n<meta name=\"robots\" content=\"index, follow, max-snippet:-1, max-image-preview:large, max-video-preview:-1\" \/>\n<link rel=\"canonical\" href=\"https:\/\/www.feuerwehr-daun.de\/wp\/einsatz-08-2025-besetzung-fez-tragehilfe-in-uedersdorf\/\" \/>\n<meta property=\"og:locale\" content=\"de_DE\" \/>\n<meta property=\"og:type\" content=\"article\" \/>\n<meta property=\"og:title\" content=\"Einsatz 08\/2025: Besetzung FEZ - Tragehilfe in Bleckhausen - Freiwillige Feuerwehr Daun\" \/>\n<meta property=\"og:description\" content=\"Am 12.01.2025 wurde die Feuerwehr Daun um 13.13 Uhr alarmiert, um die FEZ zu besetzen, da die Feuerwehren aus Bleckhausen und \u00dcdersdorf zu einer Tragehilfe als Unterst\u00fctzung des Rettungsdienstes nach Bleckhausen ausr\u00fcckten.\" \/>\n<meta property=\"og:url\" content=\"https:\/\/www.feuerwehr-daun.de\/wp\/einsatz-08-2025-besetzung-fez-tragehilfe-in-uedersdorf\/\" \/>\n<meta property=\"og:site_name\" content=\"Freiwillige Feuerwehr Daun\" \/>\n<meta property=\"article:publisher\" content=\"http:\/\/www.facebook.com\/feuerwehr.daun\/\" \/>\n<meta property=\"article:published_time\" content=\"2025-01-13T10:54:52+00:00\" \/>\n<meta property=\"article:modified_time\" content=\"2025-01-13T10:56:08+00:00\" \/>\n<meta property=\"og:image\" content=\"http:\/\/www.feuerwehr-daun.de\/wp\/wp-content\/uploads\/2023\/07\/FEZ-16.jpg\" \/>\n\t<meta property=\"og:image:width\" content=\"900\" \/>\n\t<meta property=\"og:image:height\" content=\"400\" \/>\n\t<meta property=\"og:image:type\" content=\"image\/jpeg\" \/>\n<meta name=\"author\" content=\"Christoph\" \/>\n<meta name=\"twitter:card\" content=\"summary_large_image\" \/>\n<meta name=\"twitter:creator\" content=\"@Feuerwehr_Daun\" \/>\n<meta name=\"twitter:site\" content=\"@Feuerwehr_Daun\" \/>\n<meta name=\"twitter:label1\" content=\"Verfasst von\" \/>\n\t<meta name=\"twitter:data1\" content=\"Christoph\" \/>\n\t<meta name=\"twitter:label2\" content=\"Gesch\u00e4tzte Lesezeit\" \/>\n\t<meta name=\"twitter:data2\" content=\"1\u00a0Minute\" \/>\n<script type=\"application\/ld+json\" class=\"yoast-schema-graph\">{\"@context\":\"https:\\\/\\\/schema.org\",\"@graph\":[{\"@type\":\"Article\",\"@id\":\"https:\\\/\\\/www.feuerwehr-daun.de\\\/wp\\\/einsatz-08-2025-besetzung-fez-tragehilfe-in-uedersdorf\\\/#article\",\"isPartOf\":{\"@id\":\"https:\\\/\\\/www.feuerwehr-daun.de\\\/wp\\\/einsatz-08-2025-besetzung-fez-tragehilfe-in-uedersdorf\\\/\"},\"author\":{\"name\":\"Christoph\",\"@id\":\"https:\\\/\\\/www.feuerwehr-daun.de\\\/wp\\\/#\\\/schema\\\/person\\\/8c87bdb81b56f1d6ee9deaf0b837dca8\"},\"headline\":\"Einsatz 08\\\/2025: Besetzung FEZ &#8211; Tragehilfe in Bleckhausen\",\"datePublished\":\"2025-01-13T10:54:52+00:00\",\"dateModified\":\"2025-01-13T10:56:08+00:00\",\"mainEntityOfPage\":{\"@id\":\"https:\\\/\\\/www.feuerwehr-daun.de\\\/wp\\\/einsatz-08-2025-besetzung-fez-tragehilfe-in-uedersdorf\\\/\"},\"wordCount\":39,\"image\":{\"@id\":\"https:\\\/\\\/www.feuerwehr-daun.de\\\/wp\\\/einsatz-08-2025-besetzung-fez-tragehilfe-in-uedersdorf\\\/#primaryimage\"},\"thumbnailUrl\":\"https:\\\/\\\/www.feuerwehr-daun.de\\\/wp\\\/wp-content\\\/uploads\\\/2023\\\/07\\\/FEZ-16.jpg\",\"articleSection\":[\"Aktuelles\",\"Eins\u00e4tze\",\"Eins\u00e4tze 2025\",\"FEZ\"],\"inLanguage\":\"de\"},{\"@type\":\"WebPage\",\"@id\":\"https:\\\/\\\/www.feuerwehr-daun.de\\\/wp\\\/einsatz-08-2025-besetzung-fez-tragehilfe-in-uedersdorf\\\/\",\"url\":\"https:\\\/\\\/www.feuerwehr-daun.de\\\/wp\\\/einsatz-08-2025-besetzung-fez-tragehilfe-in-uedersdorf\\\/\",\"name\":\"Einsatz 08\\\/2025: Besetzung FEZ - Tragehilfe in Bleckhausen - Freiwillige Feuerwehr Daun\",\"isPartOf\":{\"@id\":\"https:\\\/\\\/www.feuerwehr-daun.de\\\/wp\\\/#website\"},\"primaryImageOfPage\":{\"@id\":\"https:\\\/\\\/www.feuerwehr-daun.de\\\/wp\\\/einsatz-08-2025-besetzung-fez-tragehilfe-in-uedersdorf\\\/#primaryimage\"},\"image\":{\"@id\":\"https:\\\/\\\/www.feuerwehr-daun.de\\\/wp\\\/einsatz-08-2025-besetzung-fez-tragehilfe-in-uedersdorf\\\/#primaryimage\"},\"thumbnailUrl\":\"https:\\\/\\\/www.feuerwehr-daun.de\\\/wp\\\/wp-content\\\/uploads\\\/2023\\\/07\\\/FEZ-16.jpg\",\"datePublished\":\"2025-01-13T10:54:52+00:00\",\"dateModified\":\"2025-01-13T10:56:08+00:00\",\"author\":{\"@id\":\"https:\\\/\\\/www.feuerwehr-daun.de\\\/wp\\\/#\\\/schema\\\/person\\\/8c87bdb81b56f1d6ee9deaf0b837dca8\"},\"breadcrumb\":{\"@id\":\"https:\\\/\\\/www.feuerwehr-daun.de\\\/wp\\\/einsatz-08-2025-besetzung-fez-tragehilfe-in-uedersdorf\\\/#breadcrumb\"},\"inLanguage\":\"de\",\"potentialAction\":[{\"@type\":\"ReadAction\",\"target\":[\"https:\\\/\\\/www.feuerwehr-daun.de\\\/wp\\\/einsatz-08-2025-besetzung-fez-tragehilfe-in-uedersdorf\\\/\"]}]},{\"@type\":\"ImageObject\",\"inLanguage\":\"de\",\"@id\":\"https:\\\/\\\/www.feuerwehr-daun.de\\\/wp\\\/einsatz-08-2025-besetzung-fez-tragehilfe-in-uedersdorf\\\/#primaryimage\",\"url\":\"https:\\\/\\\/www.feuerwehr-daun.de\\\/wp\\\/wp-content\\\/uploads\\\/2023\\\/07\\\/FEZ-16.jpg\",\"contentUrl\":\"https:\\\/\\\/www.feuerwehr-daun.de\\\/wp\\\/wp-content\\\/uploads\\\/2023\\\/07\\\/FEZ-16.jpg\",\"width\":900,\"height\":400},{\"@type\":\"BreadcrumbList\",\"@id\":\"https:\\\/\\\/www.feuerwehr-daun.de\\\/wp\\\/einsatz-08-2025-besetzung-fez-tragehilfe-in-uedersdorf\\\/#breadcrumb\",\"itemListElement\":[{\"@type\":\"ListItem\",\"position\":1,\"name\":\"Startseite\",\"item\":\"https:\\\/\\\/www.feuerwehr-daun.de\\\/wp\\\/\"},{\"@type\":\"ListItem\",\"position\":2,\"name\":\"Einsatz 08\\\/2025: Besetzung FEZ &#8211; Tragehilfe in Bleckhausen\"}]},{\"@type\":\"WebSite\",\"@id\":\"https:\\\/\\\/www.feuerwehr-daun.de\\\/wp\\\/#website\",\"url\":\"https:\\\/\\\/www.feuerwehr-daun.de\\\/wp\\\/\",\"name\":\"Freiwillige Feuerwehr Daun\",\"description\":\"\",\"potentialAction\":[{\"@type\":\"SearchAction\",\"target\":{\"@type\":\"EntryPoint\",\"urlTemplate\":\"https:\\\/\\\/www.feuerwehr-daun.de\\\/wp\\\/?s={search_term_string}\"},\"query-input\":{\"@type\":\"PropertyValueSpecification\",\"valueRequired\":true,\"valueName\":\"search_term_string\"}}],\"inLanguage\":\"de\"},{\"@type\":\"Person\",\"@id\":\"https:\\\/\\\/www.feuerwehr-daun.de\\\/wp\\\/#\\\/schema\\\/person\\\/8c87bdb81b56f1d6ee9deaf0b837dca8\",\"name\":\"Christoph\",\"url\":\"https:\\\/\\\/www.feuerwehr-daun.de\\\/wp\\\/author\\\/christoph\\\/\"}]}<\/script>\n<!-- \/ Yoast SEO plugin. -->","yoast_head_json":{"title":"Einsatz 08\/2025: Besetzung FEZ - Tragehilfe in Bleckhausen - Freiwillige Feuerwehr Daun","robots":{"index":"index","follow":"follow","max-snippet":"max-snippet:-1","max-image-preview":"max-image-preview:large","max-video-preview":"max-video-preview:-1"},"canonical":"https:\/\/www.feuerwehr-daun.de\/wp\/einsatz-08-2025-besetzung-fez-tragehilfe-in-uedersdorf\/","og_locale":"de_DE","og_type":"article","og_title":"Einsatz 08\/2025: Besetzung FEZ - Tragehilfe in Bleckhausen - Freiwillige Feuerwehr Daun","og_description":"Am 12.01.2025 wurde die Feuerwehr Daun um 13.13 Uhr alarmiert, um die FEZ zu besetzen, da die Feuerwehren aus Bleckhausen und \u00dcdersdorf zu einer Tragehilfe als Unterst\u00fctzung des Rettungsdienstes nach Bleckhausen ausr\u00fcckten.","og_url":"https:\/\/www.feuerwehr-daun.de\/wp\/einsatz-08-2025-besetzung-fez-tragehilfe-in-uedersdorf\/","og_site_name":"Freiwillige Feuerwehr Daun","article_publisher":"http:\/\/www.facebook.com\/feuerwehr.daun\/","article_published_time":"2025-01-13T10:54:52+00:00","article_modified_time":"2025-01-13T10:56:08+00:00","og_image":[{"width":900,"height":400,"url":"http:\/\/www.feuerwehr-daun.de\/wp\/wp-content\/uploads\/2023\/07\/FEZ-16.jpg","type":"image\/jpeg"}],"author":"Christoph","twitter_card":"summary_large_image","twitter_creator":"@Feuerwehr_Daun","twitter_site":"@Feuerwehr_Daun","twitter_misc":{"Verfasst von":"Christoph","Gesch\u00e4tzte Lesezeit":"1\u00a0Minute"},"schema":{"@context":"https:\/\/schema.org","@graph":[{"@type":"Article","@id":"https:\/\/www.feuerwehr-daun.de\/wp\/einsatz-08-2025-besetzung-fez-tragehilfe-in-uedersdorf\/#article","isPartOf":{"@id":"https:\/\/www.feuerwehr-daun.de\/wp\/einsatz-08-2025-besetzung-fez-tragehilfe-in-uedersdorf\/"},"author":{"name":"Christoph","@id":"https:\/\/www.feuerwehr-daun.de\/wp\/#\/schema\/person\/8c87bdb81b56f1d6ee9deaf0b837dca8"},"headline":"Einsatz 08\/2025: Besetzung FEZ &#8211; Tragehilfe in Bleckhausen","datePublished":"2025-01-13T10:54:52+00:00","dateModified":"2025-01-13T10:56:08+00:00","mainEntityOfPage":{"@id":"https:\/\/www.feuerwehr-daun.de\/wp\/einsatz-08-2025-besetzung-fez-tragehilfe-in-uedersdorf\/"},"wordCount":39,"image":{"@id":"https:\/\/www.feuerwehr-daun.de\/wp\/einsatz-08-2025-besetzung-fez-tragehilfe-in-uedersdorf\/#primaryimage"},"thumbnailUrl":"https:\/\/www.feuerwehr-daun.de\/wp\/wp-content\/uploads\/2023\/07\/FEZ-16.jpg","articleSection":["Aktuelles","Eins\u00e4tze","Eins\u00e4tze 2025","FEZ"],"inLanguage":"de"},{"@type":"WebPage","@id":"https:\/\/www.feuerwehr-daun.de\/wp\/einsatz-08-2025-besetzung-fez-tragehilfe-in-uedersdorf\/","url":"https:\/\/www.feuerwehr-daun.de\/wp\/einsatz-08-2025-besetzung-fez-tragehilfe-in-uedersdorf\/","name":"Einsatz 08\/2025: Besetzung FEZ - Tragehilfe in Bleckhausen - Freiwillige Feuerwehr Daun","isPartOf":{"@id":"https:\/\/www.feuerwehr-daun.de\/wp\/#website"},"primaryImageOfPage":{"@id":"https:\/\/www.feuerwehr-daun.de\/wp\/einsatz-08-2025-besetzung-fez-tragehilfe-in-uedersdorf\/#primaryimage"},"image":{"@id":"https:\/\/www.feuerwehr-daun.de\/wp\/einsatz-08-2025-besetzung-fez-tragehilfe-in-uedersdorf\/#primaryimage"},"thumbnailUrl":"https:\/\/www.feuerwehr-daun.de\/wp\/wp-content\/uploads\/2023\/07\/FEZ-16.jpg","datePublished":"2025-01-13T10:54:52+00:00","dateModified":"2025-01-13T10:56:08+00:00","author":{"@id":"https:\/\/www.feuerwehr-daun.de\/wp\/#\/schema\/person\/8c87bdb81b56f1d6ee9deaf0b837dca8"},"breadcrumb":{"@id":"https:\/\/www.feuerwehr-daun.de\/wp\/einsatz-08-2025-besetzung-fez-tragehilfe-in-uedersdorf\/#breadcrumb"},"inLanguage":"de","potentialAction":[{"@type":"ReadAction","target":["https:\/\/www.feuerwehr-daun.de\/wp\/einsatz-08-2025-besetzung-fez-tragehilfe-in-uedersdorf\/"]}]},{"@type":"ImageObject","inLanguage":"de","@id":"https:\/\/www.feuerwehr-daun.de\/wp\/einsatz-08-2025-besetzung-fez-tragehilfe-in-uedersdorf\/#primaryimage","url":"https:\/\/www.feuerwehr-daun.de\/wp\/wp-content\/uploads\/2023\/07\/FEZ-16.jpg","contentUrl":"https:\/\/www.feuerwehr-daun.de\/wp\/wp-content\/uploads\/2023\/07\/FEZ-16.jpg","width":900,"height":400},{"@type":"BreadcrumbList","@id":"https:\/\/www.feuerwehr-daun.de\/wp\/einsatz-08-2025-besetzung-fez-tragehilfe-in-uedersdorf\/#breadcrumb","itemListElement":[{"@type":"ListItem","position":1,"name":"Startseite","item":"https:\/\/www.feuerwehr-daun.de\/wp\/"},{"@type":"ListItem","position":2,"name":"Einsatz 08\/2025: Besetzung FEZ &#8211; Tragehilfe in Bleckhausen"}]},{"@type":"WebSite","@id":"https:\/\/www.feuerwehr-daun.de\/wp\/#website","url":"https:\/\/www.feuerwehr-daun.de\/wp\/","name":"Freiwillige Feuerwehr Daun","description":"","potentialAction":[{"@type":"SearchAction","target":{"@type":"EntryPoint","urlTemplate":"https:\/\/www.feuerwehr-daun.de\/wp\/?s={search_term_string}"},"query-input":{"@type":"PropertyValueSpecification","valueRequired":true,"valueName":"search_term_string"}}],"inLanguage":"de"},{"@type":"Person","@id":"https:\/\/www.feuerwehr-daun.de\/wp\/#\/schema\/person\/8c87bdb81b56f1d6ee9deaf0b837dca8","name":"Christoph","url":"https:\/\/www.feuerwehr-daun.de\/wp\/author\/christoph\/"}]}},"_links":{"self":[{"href":"https:\/\/www.feuerwehr-daun.de\/wp\/wp-json\/wp\/v2\/posts\/11803","targetHints":{"allow":["GET"]}}],"collection":[{"href":"https:\/\/www.feuerwehr-daun.de\/wp\/wp-json\/wp\/v2\/posts"}],"about":[{"href":"https:\/\/www.feuerwehr-daun.de\/wp\/wp-json\/wp\/v2\/types\/post"}],"author":[{"embeddable":true,"href":"https:\/\/www.feuerwehr-daun.de\/wp\/wp-json\/wp\/v2\/users\/8"}],"replies":[{"embeddable":true,"href":"https:\/\/www.feuerwehr-daun.de\/wp\/wp-json\/wp\/v2\/comments?post=11803"}],"version-history":[{"count":2,"href":"https:\/\/www.feuerwehr-daun.de\/wp\/wp-json\/wp\/v2\/posts\/11803\/revisions"}],"predecessor-version":[{"id":11805,"href":"https:\/\/www.feuerwehr-daun.de\/wp\/wp-json\/wp\/v2\/posts\/11803\/revisions\/11805"}],"wp:featuredmedia":[{"embeddable":true,"href":"https:\/\/www.feuerwehr-daun.de\/wp\/wp-json\/wp\/v2\/media\/10339"}],"wp:attachment":[{"href":"https:\/\/www.feuerwehr-daun.de\/wp\/wp-json\/wp\/v2\/media?parent=11803"}],"wp:term":[{"taxonomy":"category","embeddable":true,"href":"https:\/\/www.feuerwehr-daun.de\/wp\/wp-json\/wp\/v2\/categories?post=11803"},{"taxonomy":"post_tag","embeddable":true,"href":"https:\/\/www.feuerwehr-daun.de\/wp\/wp-json\/wp\/v2\/tags?post=11803"}],"curies":[{"name":"wp","href":"https:\/\/api.w.org\/{rel}","templated":true}]}}