{"id":12417,"date":"2025-09-11T12:56:41","date_gmt":"2025-09-11T10:56:41","guid":{"rendered":"https:\/\/www.feuerwehr-daun.de\/wp\/?p=12417"},"modified":"2025-09-11T12:56:47","modified_gmt":"2025-09-11T10:56:47","slug":"einsatz-119-2025-wasser-im-keller-durch-starkregen","status":"publish","type":"post","link":"https:\/\/www.feuerwehr-daun.de\/wp\/einsatz-119-2025-wasser-im-keller-durch-starkregen\/","title":{"rendered":"Einsatz 119\/2025: Wasser im Keller durch Starkregen"},"content":{"rendered":"\n<p>Am 09.09.2025 wurde die Feuerwehr Daun um 7.54 Uhr in den Dauner Stadtteil Gem\u00fcnden alarmiert, da dort Wasser aufgrund des starken Regens in ein Kellergeschoss lief. Die Einsatzkr\u00e4fte der Feuerwehr Daun setzten drei Tauchpumpen ein, um das Wasser aus dem Keller zu pumpen.<\/p>\n\n\n\n<figure class=\"wp-block-image size-full\"><img loading=\"lazy\" decoding=\"async\" width=\"900\" height=\"400\" src=\"http:\/\/www.feuerwehr-daun.de\/wp\/wp-content\/uploads\/2025\/09\/2025-09-09-Starkregen-c.jpg\" alt=\"\" class=\"wp-image-12424\" srcset=\"https:\/\/www.feuerwehr-daun.de\/wp\/wp-content\/uploads\/2025\/09\/2025-09-09-Starkregen-c.jpg 900w, https:\/\/www.feuerwehr-daun.de\/wp\/wp-content\/uploads\/2025\/09\/2025-09-09-Starkregen-c-300x133.jpg 300w, https:\/\/www.feuerwehr-daun.de\/wp\/wp-content\/uploads\/2025\/09\/2025-09-09-Starkregen-c-768x341.jpg 768w\" sizes=\"auto, (max-width: 900px) 100vw, 900px\" \/><\/figure>\n\n\n\n<p>Anfangs lief durch einen R\u00fcckstau im Kanal noch weiteres Wasser in den Keller nach. Dies konnte dann jedoch im weiteren Verlauf des Einsatzes unterbunden werden, so dass der Keller schlie\u00dflich leergepumpt werden konnte.<\/p>\n\n\n\n<figure class=\"wp-block-image size-full\"><img loading=\"lazy\" decoding=\"async\" width=\"900\" height=\"400\" src=\"http:\/\/www.feuerwehr-daun.de\/wp\/wp-content\/uploads\/2025\/09\/2025-09-09-Starkregen-b.jpg\" alt=\"\" class=\"wp-image-12423\" srcset=\"https:\/\/www.feuerwehr-daun.de\/wp\/wp-content\/uploads\/2025\/09\/2025-09-09-Starkregen-b.jpg 900w, https:\/\/www.feuerwehr-daun.de\/wp\/wp-content\/uploads\/2025\/09\/2025-09-09-Starkregen-b-300x133.jpg 300w, https:\/\/www.feuerwehr-daun.de\/wp\/wp-content\/uploads\/2025\/09\/2025-09-09-Starkregen-b-768x341.jpg 768w\" sizes=\"auto, (max-width: 900px) 100vw, 900px\" \/><\/figure>\n","protected":false},"excerpt":{"rendered":"<p>Am 09.09.2025 wurde die Feuerwehr Daun um 7.54 Uhr in den Dauner Stadtteil Gem\u00fcnden alarmiert, da dort Wasser aufgrund des starken Regens in ein Kellergeschoss lief. Die Einsatzkr\u00e4fte der Feuerwehr Daun setzten drei Tauchpumpen ein, um das Wasser aus dem Keller zu pumpen. Anfangs lief durch einen R\u00fcckstau im Kanal noch weiteres Wasser in den Keller nach. Dies konnte dann [&#8230;]<\/p>\n","protected":false},"author":8,"featured_media":12422,"comment_status":"closed","ping_status":"open","sticky":false,"template":"","format":"standard","meta":{"_s2mail":"yes","footnotes":""},"categories":[1,5,82],"tags":[],"class_list":["post-12417","post","type-post","status-publish","format-standard","has-post-thumbnail","hentry","category-aktuelles","category-einsatze","category-einsaetze-2025"],"yoast_head":"<!-- This site is optimized with the Yoast SEO plugin v27.5 - https:\/\/yoast.com\/product\/yoast-seo-wordpress\/ -->\n<title>Einsatz 119\/2025: Wasser im Keller durch Starkregen - Freiwillige Feuerwehr Daun<\/title>\n<meta name=\"robots\" content=\"index, follow, max-snippet:-1, max-image-preview:large, max-video-preview:-1\" \/>\n<link rel=\"canonical\" href=\"https:\/\/www.feuerwehr-daun.de\/wp\/einsatz-119-2025-wasser-im-keller-durch-starkregen\/\" \/>\n<meta property=\"og:locale\" content=\"de_DE\" \/>\n<meta property=\"og:type\" content=\"article\" \/>\n<meta property=\"og:title\" content=\"Einsatz 119\/2025: Wasser im Keller durch Starkregen - Freiwillige Feuerwehr Daun\" \/>\n<meta property=\"og:description\" content=\"Am 09.09.2025 wurde die Feuerwehr Daun um 7.54 Uhr in den Dauner Stadtteil Gem\u00fcnden alarmiert, da dort Wasser aufgrund des starken Regens in ein Kellergeschoss lief. Die Einsatzkr\u00e4fte der Feuerwehr Daun setzten drei Tauchpumpen ein, um das Wasser aus dem Keller zu pumpen. Anfangs lief durch einen R\u00fcckstau im Kanal noch weiteres Wasser in den Keller nach. Dies konnte dann [...]\" \/>\n<meta property=\"og:url\" content=\"https:\/\/www.feuerwehr-daun.de\/wp\/einsatz-119-2025-wasser-im-keller-durch-starkregen\/\" \/>\n<meta property=\"og:site_name\" content=\"Freiwillige Feuerwehr Daun\" \/>\n<meta property=\"article:publisher\" content=\"http:\/\/www.facebook.com\/feuerwehr.daun\/\" \/>\n<meta property=\"article:published_time\" content=\"2025-09-11T10:56:41+00:00\" \/>\n<meta property=\"article:modified_time\" content=\"2025-09-11T10:56:47+00:00\" \/>\n<meta property=\"og:image\" content=\"http:\/\/www.feuerwehr-daun.de\/wp\/wp-content\/uploads\/2025\/09\/2025-09-09-Starkregen-a.jpg\" \/>\n\t<meta property=\"og:image:width\" content=\"900\" \/>\n\t<meta property=\"og:image:height\" content=\"400\" \/>\n\t<meta property=\"og:image:type\" content=\"image\/jpeg\" \/>\n<meta name=\"author\" content=\"Christoph\" \/>\n<meta name=\"twitter:card\" content=\"summary_large_image\" \/>\n<meta name=\"twitter:creator\" content=\"@Feuerwehr_Daun\" \/>\n<meta name=\"twitter:site\" content=\"@Feuerwehr_Daun\" \/>\n<meta name=\"twitter:label1\" content=\"Verfasst von\" \/>\n\t<meta name=\"twitter:data1\" content=\"Christoph\" \/>\n\t<meta name=\"twitter:label2\" content=\"Gesch\u00e4tzte Lesezeit\" \/>\n\t<meta name=\"twitter:data2\" content=\"2\u00a0Minuten\" \/>\n<script type=\"application\/ld+json\" class=\"yoast-schema-graph\">{\"@context\":\"https:\\\/\\\/schema.org\",\"@graph\":[{\"@type\":\"Article\",\"@id\":\"https:\\\/\\\/www.feuerwehr-daun.de\\\/wp\\\/einsatz-119-2025-wasser-im-keller-durch-starkregen\\\/#article\",\"isPartOf\":{\"@id\":\"https:\\\/\\\/www.feuerwehr-daun.de\\\/wp\\\/einsatz-119-2025-wasser-im-keller-durch-starkregen\\\/\"},\"author\":{\"name\":\"Christoph\",\"@id\":\"https:\\\/\\\/www.feuerwehr-daun.de\\\/wp\\\/#\\\/schema\\\/person\\\/8c87bdb81b56f1d6ee9deaf0b837dca8\"},\"headline\":\"Einsatz 119\\\/2025: Wasser im Keller durch Starkregen\",\"datePublished\":\"2025-09-11T10:56:41+00:00\",\"dateModified\":\"2025-09-11T10:56:47+00:00\",\"mainEntityOfPage\":{\"@id\":\"https:\\\/\\\/www.feuerwehr-daun.de\\\/wp\\\/einsatz-119-2025-wasser-im-keller-durch-starkregen\\\/\"},\"wordCount\":84,\"image\":{\"@id\":\"https:\\\/\\\/www.feuerwehr-daun.de\\\/wp\\\/einsatz-119-2025-wasser-im-keller-durch-starkregen\\\/#primaryimage\"},\"thumbnailUrl\":\"https:\\\/\\\/www.feuerwehr-daun.de\\\/wp\\\/wp-content\\\/uploads\\\/2025\\\/09\\\/2025-09-09-Starkregen-a.jpg\",\"articleSection\":[\"Aktuelles\",\"Eins\u00e4tze\",\"Eins\u00e4tze 2025\"],\"inLanguage\":\"de\"},{\"@type\":\"WebPage\",\"@id\":\"https:\\\/\\\/www.feuerwehr-daun.de\\\/wp\\\/einsatz-119-2025-wasser-im-keller-durch-starkregen\\\/\",\"url\":\"https:\\\/\\\/www.feuerwehr-daun.de\\\/wp\\\/einsatz-119-2025-wasser-im-keller-durch-starkregen\\\/\",\"name\":\"Einsatz 119\\\/2025: Wasser im Keller durch Starkregen - Freiwillige Feuerwehr Daun\",\"isPartOf\":{\"@id\":\"https:\\\/\\\/www.feuerwehr-daun.de\\\/wp\\\/#website\"},\"primaryImageOfPage\":{\"@id\":\"https:\\\/\\\/www.feuerwehr-daun.de\\\/wp\\\/einsatz-119-2025-wasser-im-keller-durch-starkregen\\\/#primaryimage\"},\"image\":{\"@id\":\"https:\\\/\\\/www.feuerwehr-daun.de\\\/wp\\\/einsatz-119-2025-wasser-im-keller-durch-starkregen\\\/#primaryimage\"},\"thumbnailUrl\":\"https:\\\/\\\/www.feuerwehr-daun.de\\\/wp\\\/wp-content\\\/uploads\\\/2025\\\/09\\\/2025-09-09-Starkregen-a.jpg\",\"datePublished\":\"2025-09-11T10:56:41+00:00\",\"dateModified\":\"2025-09-11T10:56:47+00:00\",\"author\":{\"@id\":\"https:\\\/\\\/www.feuerwehr-daun.de\\\/wp\\\/#\\\/schema\\\/person\\\/8c87bdb81b56f1d6ee9deaf0b837dca8\"},\"breadcrumb\":{\"@id\":\"https:\\\/\\\/www.feuerwehr-daun.de\\\/wp\\\/einsatz-119-2025-wasser-im-keller-durch-starkregen\\\/#breadcrumb\"},\"inLanguage\":\"de\",\"potentialAction\":[{\"@type\":\"ReadAction\",\"target\":[\"https:\\\/\\\/www.feuerwehr-daun.de\\\/wp\\\/einsatz-119-2025-wasser-im-keller-durch-starkregen\\\/\"]}]},{\"@type\":\"ImageObject\",\"inLanguage\":\"de\",\"@id\":\"https:\\\/\\\/www.feuerwehr-daun.de\\\/wp\\\/einsatz-119-2025-wasser-im-keller-durch-starkregen\\\/#primaryimage\",\"url\":\"https:\\\/\\\/www.feuerwehr-daun.de\\\/wp\\\/wp-content\\\/uploads\\\/2025\\\/09\\\/2025-09-09-Starkregen-a.jpg\",\"contentUrl\":\"https:\\\/\\\/www.feuerwehr-daun.de\\\/wp\\\/wp-content\\\/uploads\\\/2025\\\/09\\\/2025-09-09-Starkregen-a.jpg\",\"width\":900,\"height\":400},{\"@type\":\"BreadcrumbList\",\"@id\":\"https:\\\/\\\/www.feuerwehr-daun.de\\\/wp\\\/einsatz-119-2025-wasser-im-keller-durch-starkregen\\\/#breadcrumb\",\"itemListElement\":[{\"@type\":\"ListItem\",\"position\":1,\"name\":\"Startseite\",\"item\":\"https:\\\/\\\/www.feuerwehr-daun.de\\\/wp\\\/\"},{\"@type\":\"ListItem\",\"position\":2,\"name\":\"Einsatz 119\\\/2025: Wasser im Keller durch Starkregen\"}]},{\"@type\":\"WebSite\",\"@id\":\"https:\\\/\\\/www.feuerwehr-daun.de\\\/wp\\\/#website\",\"url\":\"https:\\\/\\\/www.feuerwehr-daun.de\\\/wp\\\/\",\"name\":\"Freiwillige Feuerwehr Daun\",\"description\":\"\",\"potentialAction\":[{\"@type\":\"SearchAction\",\"target\":{\"@type\":\"EntryPoint\",\"urlTemplate\":\"https:\\\/\\\/www.feuerwehr-daun.de\\\/wp\\\/?s={search_term_string}\"},\"query-input\":{\"@type\":\"PropertyValueSpecification\",\"valueRequired\":true,\"valueName\":\"search_term_string\"}}],\"inLanguage\":\"de\"},{\"@type\":\"Person\",\"@id\":\"https:\\\/\\\/www.feuerwehr-daun.de\\\/wp\\\/#\\\/schema\\\/person\\\/8c87bdb81b56f1d6ee9deaf0b837dca8\",\"name\":\"Christoph\",\"url\":\"https:\\\/\\\/www.feuerwehr-daun.de\\\/wp\\\/author\\\/christoph\\\/\"}]}<\/script>\n<!-- \/ Yoast SEO plugin. -->","yoast_head_json":{"title":"Einsatz 119\/2025: Wasser im Keller durch Starkregen - Freiwillige Feuerwehr Daun","robots":{"index":"index","follow":"follow","max-snippet":"max-snippet:-1","max-image-preview":"max-image-preview:large","max-video-preview":"max-video-preview:-1"},"canonical":"https:\/\/www.feuerwehr-daun.de\/wp\/einsatz-119-2025-wasser-im-keller-durch-starkregen\/","og_locale":"de_DE","og_type":"article","og_title":"Einsatz 119\/2025: Wasser im Keller durch Starkregen - Freiwillige Feuerwehr Daun","og_description":"Am 09.09.2025 wurde die Feuerwehr Daun um 7.54 Uhr in den Dauner Stadtteil Gem\u00fcnden alarmiert, da dort Wasser aufgrund des starken Regens in ein Kellergeschoss lief. Die Einsatzkr\u00e4fte der Feuerwehr Daun setzten drei Tauchpumpen ein, um das Wasser aus dem Keller zu pumpen. Anfangs lief durch einen R\u00fcckstau im Kanal noch weiteres Wasser in den Keller nach. Dies konnte dann [...]","og_url":"https:\/\/www.feuerwehr-daun.de\/wp\/einsatz-119-2025-wasser-im-keller-durch-starkregen\/","og_site_name":"Freiwillige Feuerwehr Daun","article_publisher":"http:\/\/www.facebook.com\/feuerwehr.daun\/","article_published_time":"2025-09-11T10:56:41+00:00","article_modified_time":"2025-09-11T10:56:47+00:00","og_image":[{"width":900,"height":400,"url":"http:\/\/www.feuerwehr-daun.de\/wp\/wp-content\/uploads\/2025\/09\/2025-09-09-Starkregen-a.jpg","type":"image\/jpeg"}],"author":"Christoph","twitter_card":"summary_large_image","twitter_creator":"@Feuerwehr_Daun","twitter_site":"@Feuerwehr_Daun","twitter_misc":{"Verfasst von":"Christoph","Gesch\u00e4tzte Lesezeit":"2\u00a0Minuten"},"schema":{"@context":"https:\/\/schema.org","@graph":[{"@type":"Article","@id":"https:\/\/www.feuerwehr-daun.de\/wp\/einsatz-119-2025-wasser-im-keller-durch-starkregen\/#article","isPartOf":{"@id":"https:\/\/www.feuerwehr-daun.de\/wp\/einsatz-119-2025-wasser-im-keller-durch-starkregen\/"},"author":{"name":"Christoph","@id":"https:\/\/www.feuerwehr-daun.de\/wp\/#\/schema\/person\/8c87bdb81b56f1d6ee9deaf0b837dca8"},"headline":"Einsatz 119\/2025: Wasser im Keller durch Starkregen","datePublished":"2025-09-11T10:56:41+00:00","dateModified":"2025-09-11T10:56:47+00:00","mainEntityOfPage":{"@id":"https:\/\/www.feuerwehr-daun.de\/wp\/einsatz-119-2025-wasser-im-keller-durch-starkregen\/"},"wordCount":84,"image":{"@id":"https:\/\/www.feuerwehr-daun.de\/wp\/einsatz-119-2025-wasser-im-keller-durch-starkregen\/#primaryimage"},"thumbnailUrl":"https:\/\/www.feuerwehr-daun.de\/wp\/wp-content\/uploads\/2025\/09\/2025-09-09-Starkregen-a.jpg","articleSection":["Aktuelles","Eins\u00e4tze","Eins\u00e4tze 2025"],"inLanguage":"de"},{"@type":"WebPage","@id":"https:\/\/www.feuerwehr-daun.de\/wp\/einsatz-119-2025-wasser-im-keller-durch-starkregen\/","url":"https:\/\/www.feuerwehr-daun.de\/wp\/einsatz-119-2025-wasser-im-keller-durch-starkregen\/","name":"Einsatz 119\/2025: Wasser im Keller durch Starkregen - Freiwillige Feuerwehr Daun","isPartOf":{"@id":"https:\/\/www.feuerwehr-daun.de\/wp\/#website"},"primaryImageOfPage":{"@id":"https:\/\/www.feuerwehr-daun.de\/wp\/einsatz-119-2025-wasser-im-keller-durch-starkregen\/#primaryimage"},"image":{"@id":"https:\/\/www.feuerwehr-daun.de\/wp\/einsatz-119-2025-wasser-im-keller-durch-starkregen\/#primaryimage"},"thumbnailUrl":"https:\/\/www.feuerwehr-daun.de\/wp\/wp-content\/uploads\/2025\/09\/2025-09-09-Starkregen-a.jpg","datePublished":"2025-09-11T10:56:41+00:00","dateModified":"2025-09-11T10:56:47+00:00","author":{"@id":"https:\/\/www.feuerwehr-daun.de\/wp\/#\/schema\/person\/8c87bdb81b56f1d6ee9deaf0b837dca8"},"breadcrumb":{"@id":"https:\/\/www.feuerwehr-daun.de\/wp\/einsatz-119-2025-wasser-im-keller-durch-starkregen\/#breadcrumb"},"inLanguage":"de","potentialAction":[{"@type":"ReadAction","target":["https:\/\/www.feuerwehr-daun.de\/wp\/einsatz-119-2025-wasser-im-keller-durch-starkregen\/"]}]},{"@type":"ImageObject","inLanguage":"de","@id":"https:\/\/www.feuerwehr-daun.de\/wp\/einsatz-119-2025-wasser-im-keller-durch-starkregen\/#primaryimage","url":"https:\/\/www.feuerwehr-daun.de\/wp\/wp-content\/uploads\/2025\/09\/2025-09-09-Starkregen-a.jpg","contentUrl":"https:\/\/www.feuerwehr-daun.de\/wp\/wp-content\/uploads\/2025\/09\/2025-09-09-Starkregen-a.jpg","width":900,"height":400},{"@type":"BreadcrumbList","@id":"https:\/\/www.feuerwehr-daun.de\/wp\/einsatz-119-2025-wasser-im-keller-durch-starkregen\/#breadcrumb","itemListElement":[{"@type":"ListItem","position":1,"name":"Startseite","item":"https:\/\/www.feuerwehr-daun.de\/wp\/"},{"@type":"ListItem","position":2,"name":"Einsatz 119\/2025: Wasser im Keller durch Starkregen"}]},{"@type":"WebSite","@id":"https:\/\/www.feuerwehr-daun.de\/wp\/#website","url":"https:\/\/www.feuerwehr-daun.de\/wp\/","name":"Freiwillige Feuerwehr Daun","description":"","potentialAction":[{"@type":"SearchAction","target":{"@type":"EntryPoint","urlTemplate":"https:\/\/www.feuerwehr-daun.de\/wp\/?s={search_term_string}"},"query-input":{"@type":"PropertyValueSpecification","valueRequired":true,"valueName":"search_term_string"}}],"inLanguage":"de"},{"@type":"Person","@id":"https:\/\/www.feuerwehr-daun.de\/wp\/#\/schema\/person\/8c87bdb81b56f1d6ee9deaf0b837dca8","name":"Christoph","url":"https:\/\/www.feuerwehr-daun.de\/wp\/author\/christoph\/"}]}},"_links":{"self":[{"href":"https:\/\/www.feuerwehr-daun.de\/wp\/wp-json\/wp\/v2\/posts\/12417","targetHints":{"allow":["GET"]}}],"collection":[{"href":"https:\/\/www.feuerwehr-daun.de\/wp\/wp-json\/wp\/v2\/posts"}],"about":[{"href":"https:\/\/www.feuerwehr-daun.de\/wp\/wp-json\/wp\/v2\/types\/post"}],"author":[{"embeddable":true,"href":"https:\/\/www.feuerwehr-daun.de\/wp\/wp-json\/wp\/v2\/users\/8"}],"replies":[{"embeddable":true,"href":"https:\/\/www.feuerwehr-daun.de\/wp\/wp-json\/wp\/v2\/comments?post=12417"}],"version-history":[{"count":2,"href":"https:\/\/www.feuerwehr-daun.de\/wp\/wp-json\/wp\/v2\/posts\/12417\/revisions"}],"predecessor-version":[{"id":12425,"href":"https:\/\/www.feuerwehr-daun.de\/wp\/wp-json\/wp\/v2\/posts\/12417\/revisions\/12425"}],"wp:featuredmedia":[{"embeddable":true,"href":"https:\/\/www.feuerwehr-daun.de\/wp\/wp-json\/wp\/v2\/media\/12422"}],"wp:attachment":[{"href":"https:\/\/www.feuerwehr-daun.de\/wp\/wp-json\/wp\/v2\/media?parent=12417"}],"wp:term":[{"taxonomy":"category","embeddable":true,"href":"https:\/\/www.feuerwehr-daun.de\/wp\/wp-json\/wp\/v2\/categories?post=12417"},{"taxonomy":"post_tag","embeddable":true,"href":"https:\/\/www.feuerwehr-daun.de\/wp\/wp-json\/wp\/v2\/tags?post=12417"}],"curies":[{"name":"wp","href":"https:\/\/api.w.org\/{rel}","templated":true}]}}