{"id":1487,"date":"2016-10-17T12:20:41","date_gmt":"2016-10-17T12:20:41","guid":{"rendered":"http:\/\/www.feuerwehr-daun.de\/wp\/?p=1487"},"modified":"2018-06-02T10:31:53","modified_gmt":"2018-06-02T10:31:53","slug":"einsatz-personensuche","status":"publish","type":"post","link":"https:\/\/www.feuerwehr-daun.de\/wp\/einsatz-personensuche\/","title":{"rendered":"Einsatz: Personensuche"},"content":{"rendered":"<p style=\"text-align: justify;\"><img loading=\"lazy\" decoding=\"async\" class=\"aligncenter size-full wp-image-1489\" src=\"http:\/\/www.feuerwehr-daun.de\/wp\/wp-content\/uploads\/2016\/10\/Steinborn.jpg\" alt=\"steinborn\" width=\"680\" height=\"300\" srcset=\"https:\/\/www.feuerwehr-daun.de\/wp\/wp-content\/uploads\/2016\/10\/Steinborn.jpg 680w, https:\/\/www.feuerwehr-daun.de\/wp\/wp-content\/uploads\/2016\/10\/Steinborn-300x132.jpg 300w\" sizes=\"auto, (max-width: 680px) 100vw, 680px\" \/><\/p>\n<p style=\"text-align: justify;\">Zu einer Personensuche im Bereich Steinborn wurden\u00a0 am 14.10.2016 um 08:39 Uhr der Wehrleiter der VG Daun und die FEZ Daun (Feuerwehr-Einstz-Zentrale) alarmiert. Auf Anweisung des Wehrleiters wurden daraufhin durch die FEZ Daun die Feuerwehren Steinborn, Neunkirchen, P\u00fctzborn und Waldk\u00f6nigen sowie der ELW 2 (Einsatzleitwagen) der Feuerwehr Daun alarmiert.<!--more--> Die Kameraden aus Daun bauten im Bereich des Sauerbrunnens in Steinborn mit dem ELW 2 eine Einsatzleitung auf.<\/p>\n<p style=\"text-align: justify;\">Nachdem die Suche mit Feuerwehrfahrzeugen im Bereich Steinborn und Umgebung keinen Erfolg hatte, wurde der gesamte Bereich komplett zu Fu\u00df abgesucht. Ein Helikopter der Polizei war ebenfalls vor Ort und suchte mit einer Kamera die Umgebung ab. Zudem unterst\u00fctzte die Rettungshundestaffel Wittlich mit ihren speziell ausgebildeten Suchhunden vor Ort.<\/p>\n<p style=\"text-align: justify;\">Nachdem die Person aufgrund eines Hinweises von der Polizei gefunden worden war, konnte sowohl die Feuerwehr Daun als auch die weiteren eingesetzten Kr\u00e4fte ihren Einsatz nach \u00fcber f\u00fcnf Stunden um 13:45 Uhr beenden. Auch die inziwschen alarmierte Rettungshundestaffel aus Kall, welche sich mit ihren Mantrailern (Personensp\u00fcrhunde) noch auf der Anfahrt befand, konnte diese abbrechen.<\/p>\n<div><\/div>\n","protected":false},"excerpt":{"rendered":"<p>Zu einer Personensuche im Bereich Steinborn wurden\u00a0 am 14.10.2016 um 08:39 Uhr der Wehrleiter der VG Daun und die FEZ Daun (Feuerwehr-Einstz-Zentrale) alarmiert. Auf Anweisung des Wehrleiters wurden daraufhin durch die FEZ Daun die Feuerwehren Steinborn, Neunkirchen, P\u00fctzborn und Waldk\u00f6nigen sowie der ELW 2 (Einsatzleitwagen) der Feuerwehr Daun alarmiert.<\/p>\n","protected":false},"author":8,"featured_media":1489,"comment_status":"closed","ping_status":"open","sticky":false,"template":"","format":"standard","meta":{"_s2mail":"yes","footnotes":""},"categories":[1,5,51,66],"tags":[],"class_list":["post-1487","post","type-post","status-publish","format-standard","has-post-thumbnail","hentry","category-aktuelles","category-einsatze","category-einsaetze-2016","category-elw-2"],"yoast_head":"<!-- This site is optimized with the Yoast SEO plugin v27.4 - https:\/\/yoast.com\/product\/yoast-seo-wordpress\/ -->\n<title>Einsatz: Personensuche - Freiwillige Feuerwehr Daun<\/title>\n<meta name=\"robots\" content=\"index, follow, max-snippet:-1, max-image-preview:large, max-video-preview:-1\" \/>\n<link rel=\"canonical\" href=\"https:\/\/www.feuerwehr-daun.de\/wp\/einsatz-personensuche\/\" \/>\n<meta property=\"og:locale\" content=\"de_DE\" \/>\n<meta property=\"og:type\" content=\"article\" \/>\n<meta property=\"og:title\" content=\"Einsatz: Personensuche - Freiwillige Feuerwehr Daun\" \/>\n<meta property=\"og:description\" content=\"Zu einer Personensuche im Bereich Steinborn wurden\u00a0 am 14.10.2016 um 08:39 Uhr der Wehrleiter der VG Daun und die FEZ Daun (Feuerwehr-Einstz-Zentrale) alarmiert. Auf Anweisung des Wehrleiters wurden daraufhin durch die FEZ Daun die Feuerwehren Steinborn, Neunkirchen, P\u00fctzborn und Waldk\u00f6nigen sowie der ELW 2 (Einsatzleitwagen) der Feuerwehr Daun alarmiert.\" \/>\n<meta property=\"og:url\" content=\"https:\/\/www.feuerwehr-daun.de\/wp\/einsatz-personensuche\/\" \/>\n<meta property=\"og:site_name\" content=\"Freiwillige Feuerwehr Daun\" \/>\n<meta property=\"article:publisher\" content=\"http:\/\/www.facebook.com\/feuerwehr.daun\/\" \/>\n<meta property=\"article:published_time\" content=\"2016-10-17T12:20:41+00:00\" \/>\n<meta property=\"article:modified_time\" content=\"2018-06-02T10:31:53+00:00\" \/>\n<meta property=\"og:image\" content=\"https:\/\/www.feuerwehr-daun.de\/wp\/wp-content\/uploads\/2016\/10\/Steinborn.jpg\" \/>\n\t<meta property=\"og:image:width\" content=\"680\" \/>\n\t<meta property=\"og:image:height\" content=\"300\" \/>\n\t<meta property=\"og:image:type\" content=\"image\/jpeg\" \/>\n<meta name=\"author\" content=\"Christoph\" \/>\n<meta name=\"twitter:card\" content=\"summary_large_image\" \/>\n<meta name=\"twitter:creator\" content=\"@Feuerwehr_Daun\" \/>\n<meta name=\"twitter:site\" content=\"@Feuerwehr_Daun\" \/>\n<meta name=\"twitter:label1\" content=\"Verfasst von\" \/>\n\t<meta name=\"twitter:data1\" content=\"Christoph\" \/>\n\t<meta name=\"twitter:label2\" content=\"Gesch\u00e4tzte Lesezeit\" \/>\n\t<meta name=\"twitter:data2\" content=\"1\u00a0Minute\" \/>\n<script type=\"application\/ld+json\" class=\"yoast-schema-graph\">{\"@context\":\"https:\\\/\\\/schema.org\",\"@graph\":[{\"@type\":\"Article\",\"@id\":\"https:\\\/\\\/www.feuerwehr-daun.de\\\/wp\\\/einsatz-personensuche\\\/#article\",\"isPartOf\":{\"@id\":\"https:\\\/\\\/www.feuerwehr-daun.de\\\/wp\\\/einsatz-personensuche\\\/\"},\"author\":{\"name\":\"Christoph\",\"@id\":\"https:\\\/\\\/www.feuerwehr-daun.de\\\/wp\\\/#\\\/schema\\\/person\\\/8c87bdb81b56f1d6ee9deaf0b837dca8\"},\"headline\":\"Einsatz: Personensuche\",\"datePublished\":\"2016-10-17T12:20:41+00:00\",\"dateModified\":\"2018-06-02T10:31:53+00:00\",\"mainEntityOfPage\":{\"@id\":\"https:\\\/\\\/www.feuerwehr-daun.de\\\/wp\\\/einsatz-personensuche\\\/\"},\"wordCount\":173,\"image\":{\"@id\":\"https:\\\/\\\/www.feuerwehr-daun.de\\\/wp\\\/einsatz-personensuche\\\/#primaryimage\"},\"thumbnailUrl\":\"https:\\\/\\\/www.feuerwehr-daun.de\\\/wp\\\/wp-content\\\/uploads\\\/2016\\\/10\\\/Steinborn.jpg\",\"articleSection\":[\"Aktuelles\",\"Eins\u00e4tze\",\"Eins\u00e4tze 2016\",\"ELW 2\"],\"inLanguage\":\"de\"},{\"@type\":\"WebPage\",\"@id\":\"https:\\\/\\\/www.feuerwehr-daun.de\\\/wp\\\/einsatz-personensuche\\\/\",\"url\":\"https:\\\/\\\/www.feuerwehr-daun.de\\\/wp\\\/einsatz-personensuche\\\/\",\"name\":\"Einsatz: Personensuche - Freiwillige Feuerwehr Daun\",\"isPartOf\":{\"@id\":\"https:\\\/\\\/www.feuerwehr-daun.de\\\/wp\\\/#website\"},\"primaryImageOfPage\":{\"@id\":\"https:\\\/\\\/www.feuerwehr-daun.de\\\/wp\\\/einsatz-personensuche\\\/#primaryimage\"},\"image\":{\"@id\":\"https:\\\/\\\/www.feuerwehr-daun.de\\\/wp\\\/einsatz-personensuche\\\/#primaryimage\"},\"thumbnailUrl\":\"https:\\\/\\\/www.feuerwehr-daun.de\\\/wp\\\/wp-content\\\/uploads\\\/2016\\\/10\\\/Steinborn.jpg\",\"datePublished\":\"2016-10-17T12:20:41+00:00\",\"dateModified\":\"2018-06-02T10:31:53+00:00\",\"author\":{\"@id\":\"https:\\\/\\\/www.feuerwehr-daun.de\\\/wp\\\/#\\\/schema\\\/person\\\/8c87bdb81b56f1d6ee9deaf0b837dca8\"},\"breadcrumb\":{\"@id\":\"https:\\\/\\\/www.feuerwehr-daun.de\\\/wp\\\/einsatz-personensuche\\\/#breadcrumb\"},\"inLanguage\":\"de\",\"potentialAction\":[{\"@type\":\"ReadAction\",\"target\":[\"https:\\\/\\\/www.feuerwehr-daun.de\\\/wp\\\/einsatz-personensuche\\\/\"]}]},{\"@type\":\"ImageObject\",\"inLanguage\":\"de\",\"@id\":\"https:\\\/\\\/www.feuerwehr-daun.de\\\/wp\\\/einsatz-personensuche\\\/#primaryimage\",\"url\":\"https:\\\/\\\/www.feuerwehr-daun.de\\\/wp\\\/wp-content\\\/uploads\\\/2016\\\/10\\\/Steinborn.jpg\",\"contentUrl\":\"https:\\\/\\\/www.feuerwehr-daun.de\\\/wp\\\/wp-content\\\/uploads\\\/2016\\\/10\\\/Steinborn.jpg\",\"width\":680,\"height\":300},{\"@type\":\"BreadcrumbList\",\"@id\":\"https:\\\/\\\/www.feuerwehr-daun.de\\\/wp\\\/einsatz-personensuche\\\/#breadcrumb\",\"itemListElement\":[{\"@type\":\"ListItem\",\"position\":1,\"name\":\"Startseite\",\"item\":\"https:\\\/\\\/www.feuerwehr-daun.de\\\/wp\\\/\"},{\"@type\":\"ListItem\",\"position\":2,\"name\":\"Einsatz: Personensuche\"}]},{\"@type\":\"WebSite\",\"@id\":\"https:\\\/\\\/www.feuerwehr-daun.de\\\/wp\\\/#website\",\"url\":\"https:\\\/\\\/www.feuerwehr-daun.de\\\/wp\\\/\",\"name\":\"Freiwillige Feuerwehr Daun\",\"description\":\"\",\"potentialAction\":[{\"@type\":\"SearchAction\",\"target\":{\"@type\":\"EntryPoint\",\"urlTemplate\":\"https:\\\/\\\/www.feuerwehr-daun.de\\\/wp\\\/?s={search_term_string}\"},\"query-input\":{\"@type\":\"PropertyValueSpecification\",\"valueRequired\":true,\"valueName\":\"search_term_string\"}}],\"inLanguage\":\"de\"},{\"@type\":\"Person\",\"@id\":\"https:\\\/\\\/www.feuerwehr-daun.de\\\/wp\\\/#\\\/schema\\\/person\\\/8c87bdb81b56f1d6ee9deaf0b837dca8\",\"name\":\"Christoph\",\"url\":\"https:\\\/\\\/www.feuerwehr-daun.de\\\/wp\\\/author\\\/christoph\\\/\"}]}<\/script>\n<!-- \/ Yoast SEO plugin. -->","yoast_head_json":{"title":"Einsatz: Personensuche - Freiwillige Feuerwehr Daun","robots":{"index":"index","follow":"follow","max-snippet":"max-snippet:-1","max-image-preview":"max-image-preview:large","max-video-preview":"max-video-preview:-1"},"canonical":"https:\/\/www.feuerwehr-daun.de\/wp\/einsatz-personensuche\/","og_locale":"de_DE","og_type":"article","og_title":"Einsatz: Personensuche - Freiwillige Feuerwehr Daun","og_description":"Zu einer Personensuche im Bereich Steinborn wurden\u00a0 am 14.10.2016 um 08:39 Uhr der Wehrleiter der VG Daun und die FEZ Daun (Feuerwehr-Einstz-Zentrale) alarmiert. Auf Anweisung des Wehrleiters wurden daraufhin durch die FEZ Daun die Feuerwehren Steinborn, Neunkirchen, P\u00fctzborn und Waldk\u00f6nigen sowie der ELW 2 (Einsatzleitwagen) der Feuerwehr Daun alarmiert.","og_url":"https:\/\/www.feuerwehr-daun.de\/wp\/einsatz-personensuche\/","og_site_name":"Freiwillige Feuerwehr Daun","article_publisher":"http:\/\/www.facebook.com\/feuerwehr.daun\/","article_published_time":"2016-10-17T12:20:41+00:00","article_modified_time":"2018-06-02T10:31:53+00:00","og_image":[{"width":680,"height":300,"url":"https:\/\/www.feuerwehr-daun.de\/wp\/wp-content\/uploads\/2016\/10\/Steinborn.jpg","type":"image\/jpeg"}],"author":"Christoph","twitter_card":"summary_large_image","twitter_creator":"@Feuerwehr_Daun","twitter_site":"@Feuerwehr_Daun","twitter_misc":{"Verfasst von":"Christoph","Gesch\u00e4tzte Lesezeit":"1\u00a0Minute"},"schema":{"@context":"https:\/\/schema.org","@graph":[{"@type":"Article","@id":"https:\/\/www.feuerwehr-daun.de\/wp\/einsatz-personensuche\/#article","isPartOf":{"@id":"https:\/\/www.feuerwehr-daun.de\/wp\/einsatz-personensuche\/"},"author":{"name":"Christoph","@id":"https:\/\/www.feuerwehr-daun.de\/wp\/#\/schema\/person\/8c87bdb81b56f1d6ee9deaf0b837dca8"},"headline":"Einsatz: Personensuche","datePublished":"2016-10-17T12:20:41+00:00","dateModified":"2018-06-02T10:31:53+00:00","mainEntityOfPage":{"@id":"https:\/\/www.feuerwehr-daun.de\/wp\/einsatz-personensuche\/"},"wordCount":173,"image":{"@id":"https:\/\/www.feuerwehr-daun.de\/wp\/einsatz-personensuche\/#primaryimage"},"thumbnailUrl":"https:\/\/www.feuerwehr-daun.de\/wp\/wp-content\/uploads\/2016\/10\/Steinborn.jpg","articleSection":["Aktuelles","Eins\u00e4tze","Eins\u00e4tze 2016","ELW 2"],"inLanguage":"de"},{"@type":"WebPage","@id":"https:\/\/www.feuerwehr-daun.de\/wp\/einsatz-personensuche\/","url":"https:\/\/www.feuerwehr-daun.de\/wp\/einsatz-personensuche\/","name":"Einsatz: Personensuche - Freiwillige Feuerwehr Daun","isPartOf":{"@id":"https:\/\/www.feuerwehr-daun.de\/wp\/#website"},"primaryImageOfPage":{"@id":"https:\/\/www.feuerwehr-daun.de\/wp\/einsatz-personensuche\/#primaryimage"},"image":{"@id":"https:\/\/www.feuerwehr-daun.de\/wp\/einsatz-personensuche\/#primaryimage"},"thumbnailUrl":"https:\/\/www.feuerwehr-daun.de\/wp\/wp-content\/uploads\/2016\/10\/Steinborn.jpg","datePublished":"2016-10-17T12:20:41+00:00","dateModified":"2018-06-02T10:31:53+00:00","author":{"@id":"https:\/\/www.feuerwehr-daun.de\/wp\/#\/schema\/person\/8c87bdb81b56f1d6ee9deaf0b837dca8"},"breadcrumb":{"@id":"https:\/\/www.feuerwehr-daun.de\/wp\/einsatz-personensuche\/#breadcrumb"},"inLanguage":"de","potentialAction":[{"@type":"ReadAction","target":["https:\/\/www.feuerwehr-daun.de\/wp\/einsatz-personensuche\/"]}]},{"@type":"ImageObject","inLanguage":"de","@id":"https:\/\/www.feuerwehr-daun.de\/wp\/einsatz-personensuche\/#primaryimage","url":"https:\/\/www.feuerwehr-daun.de\/wp\/wp-content\/uploads\/2016\/10\/Steinborn.jpg","contentUrl":"https:\/\/www.feuerwehr-daun.de\/wp\/wp-content\/uploads\/2016\/10\/Steinborn.jpg","width":680,"height":300},{"@type":"BreadcrumbList","@id":"https:\/\/www.feuerwehr-daun.de\/wp\/einsatz-personensuche\/#breadcrumb","itemListElement":[{"@type":"ListItem","position":1,"name":"Startseite","item":"https:\/\/www.feuerwehr-daun.de\/wp\/"},{"@type":"ListItem","position":2,"name":"Einsatz: Personensuche"}]},{"@type":"WebSite","@id":"https:\/\/www.feuerwehr-daun.de\/wp\/#website","url":"https:\/\/www.feuerwehr-daun.de\/wp\/","name":"Freiwillige Feuerwehr Daun","description":"","potentialAction":[{"@type":"SearchAction","target":{"@type":"EntryPoint","urlTemplate":"https:\/\/www.feuerwehr-daun.de\/wp\/?s={search_term_string}"},"query-input":{"@type":"PropertyValueSpecification","valueRequired":true,"valueName":"search_term_string"}}],"inLanguage":"de"},{"@type":"Person","@id":"https:\/\/www.feuerwehr-daun.de\/wp\/#\/schema\/person\/8c87bdb81b56f1d6ee9deaf0b837dca8","name":"Christoph","url":"https:\/\/www.feuerwehr-daun.de\/wp\/author\/christoph\/"}]}},"_links":{"self":[{"href":"https:\/\/www.feuerwehr-daun.de\/wp\/wp-json\/wp\/v2\/posts\/1487","targetHints":{"allow":["GET"]}}],"collection":[{"href":"https:\/\/www.feuerwehr-daun.de\/wp\/wp-json\/wp\/v2\/posts"}],"about":[{"href":"https:\/\/www.feuerwehr-daun.de\/wp\/wp-json\/wp\/v2\/types\/post"}],"author":[{"embeddable":true,"href":"https:\/\/www.feuerwehr-daun.de\/wp\/wp-json\/wp\/v2\/users\/8"}],"replies":[{"embeddable":true,"href":"https:\/\/www.feuerwehr-daun.de\/wp\/wp-json\/wp\/v2\/comments?post=1487"}],"version-history":[{"count":2,"href":"https:\/\/www.feuerwehr-daun.de\/wp\/wp-json\/wp\/v2\/posts\/1487\/revisions"}],"predecessor-version":[{"id":1506,"href":"https:\/\/www.feuerwehr-daun.de\/wp\/wp-json\/wp\/v2\/posts\/1487\/revisions\/1506"}],"wp:featuredmedia":[{"embeddable":true,"href":"https:\/\/www.feuerwehr-daun.de\/wp\/wp-json\/wp\/v2\/media\/1489"}],"wp:attachment":[{"href":"https:\/\/www.feuerwehr-daun.de\/wp\/wp-json\/wp\/v2\/media?parent=1487"}],"wp:term":[{"taxonomy":"category","embeddable":true,"href":"https:\/\/www.feuerwehr-daun.de\/wp\/wp-json\/wp\/v2\/categories?post=1487"},{"taxonomy":"post_tag","embeddable":true,"href":"https:\/\/www.feuerwehr-daun.de\/wp\/wp-json\/wp\/v2\/tags?post=1487"}],"curies":[{"name":"wp","href":"https:\/\/api.w.org\/{rel}","templated":true}]}}