{"id":2162,"date":"2017-08-17T11:13:36","date_gmt":"2017-08-17T11:13:36","guid":{"rendered":"http:\/\/www.feuerwehr-daun.de\/wp\/?p=2162"},"modified":"2017-08-17T11:13:36","modified_gmt":"2017-08-17T11:13:36","slug":"einsatz-rauchentwicklung-am-gebaeude","status":"publish","type":"post","link":"https:\/\/www.feuerwehr-daun.de\/wp\/einsatz-rauchentwicklung-am-gebaeude\/","title":{"rendered":"Einsatz: Rauchentwicklung am Geb\u00e4ude"},"content":{"rendered":"<p>Zu einer Rauchentwicklung am Geb\u00e4ude wurde die Feuerwehr Daun am 16.08.2017 um 21.58 Uhr im Stadtgebiet Daun alarmiert. Da es sich bei dem Geb\u00e4ude um ein mehrst\u00f6ckiges Mehrfamilienhaus handelte, r\u00fcckte die Feuerwehr Daun unverz\u00fcglich mit dem kompletten L\u00f6schzug (Kommandowagen, Hilfeleistungsl\u00f6schfahrzeug, Teleskopgelenkmast, Tankl\u00f6schfahrzeug) aus. W\u00e4hrend der Erkundungsphase ging die Feuerwehr Daun vor dem Geb\u00e4ude in Bereitstellung. Da jedoch kein Brand entdeckt werden konnte, konnten die Fahrzeuge wieder ins Feuerwehaus abr\u00fccken.<\/p>\n","protected":false},"excerpt":{"rendered":"<p>Zu einer Rauchentwicklung am Geb\u00e4ude wurde die Feuerwehr Daun am 16.08.2017 um 21.58 Uhr im Stadtgebiet Daun alarmiert. Da es sich bei dem Geb\u00e4ude um ein mehrst\u00f6ckiges Mehrfamilienhaus handelte, r\u00fcckte die Feuerwehr Daun unverz\u00fcglich mit dem kompletten L\u00f6schzug (Kommandowagen, Hilfeleistungsl\u00f6schfahrzeug, Teleskopgelenkmast, Tankl\u00f6schfahrzeug) aus. W\u00e4hrend der Erkundungsphase ging die Feuerwehr Daun vor dem Geb\u00e4ude in Bereitstellung. Da jedoch kein Brand entdeckt [&#8230;]<\/p>\n","protected":false},"author":8,"featured_media":2163,"comment_status":"closed","ping_status":"open","sticky":false,"template":"","format":"standard","meta":{"_s2mail":"yes","footnotes":""},"categories":[1,5,59],"tags":[],"class_list":["post-2162","post","type-post","status-publish","format-standard","has-post-thumbnail","hentry","category-aktuelles","category-einsatze","category-einsaetze-2017"],"yoast_head":"<!-- This site is optimized with the Yoast SEO plugin v27.5 - https:\/\/yoast.com\/product\/yoast-seo-wordpress\/ -->\n<title>Einsatz: Rauchentwicklung am Geb\u00e4ude - Freiwillige Feuerwehr Daun<\/title>\n<meta name=\"robots\" content=\"index, follow, max-snippet:-1, max-image-preview:large, max-video-preview:-1\" \/>\n<link rel=\"canonical\" href=\"https:\/\/www.feuerwehr-daun.de\/wp\/einsatz-rauchentwicklung-am-gebaeude\/\" \/>\n<meta property=\"og:locale\" content=\"de_DE\" \/>\n<meta property=\"og:type\" content=\"article\" \/>\n<meta property=\"og:title\" content=\"Einsatz: Rauchentwicklung am Geb\u00e4ude - Freiwillige Feuerwehr Daun\" \/>\n<meta property=\"og:description\" content=\"Zu einer Rauchentwicklung am Geb\u00e4ude wurde die Feuerwehr Daun am 16.08.2017 um 21.58 Uhr im Stadtgebiet Daun alarmiert. Da es sich bei dem Geb\u00e4ude um ein mehrst\u00f6ckiges Mehrfamilienhaus handelte, r\u00fcckte die Feuerwehr Daun unverz\u00fcglich mit dem kompletten L\u00f6schzug (Kommandowagen, Hilfeleistungsl\u00f6schfahrzeug, Teleskopgelenkmast, Tankl\u00f6schfahrzeug) aus. W\u00e4hrend der Erkundungsphase ging die Feuerwehr Daun vor dem Geb\u00e4ude in Bereitstellung. Da jedoch kein Brand entdeckt [...]\" \/>\n<meta property=\"og:url\" content=\"https:\/\/www.feuerwehr-daun.de\/wp\/einsatz-rauchentwicklung-am-gebaeude\/\" \/>\n<meta property=\"og:site_name\" content=\"Freiwillige Feuerwehr Daun\" \/>\n<meta property=\"article:publisher\" content=\"http:\/\/www.facebook.com\/feuerwehr.daun\/\" \/>\n<meta property=\"article:published_time\" content=\"2017-08-17T11:13:36+00:00\" \/>\n<meta property=\"og:image\" content=\"https:\/\/www.feuerwehr-daun.de\/wp\/wp-content\/uploads\/2017\/08\/Einsatz-2017-08-16.jpg\" \/>\n\t<meta property=\"og:image:width\" content=\"900\" \/>\n\t<meta property=\"og:image:height\" content=\"400\" \/>\n\t<meta property=\"og:image:type\" content=\"image\/jpeg\" \/>\n<meta name=\"author\" content=\"Christoph\" \/>\n<meta name=\"twitter:card\" content=\"summary_large_image\" \/>\n<meta name=\"twitter:creator\" content=\"@Feuerwehr_Daun\" \/>\n<meta name=\"twitter:site\" content=\"@Feuerwehr_Daun\" \/>\n<meta name=\"twitter:label1\" content=\"Verfasst von\" \/>\n\t<meta name=\"twitter:data1\" content=\"Christoph\" \/>\n<script type=\"application\/ld+json\" class=\"yoast-schema-graph\">{\"@context\":\"https:\\\/\\\/schema.org\",\"@graph\":[{\"@type\":\"Article\",\"@id\":\"https:\\\/\\\/www.feuerwehr-daun.de\\\/wp\\\/einsatz-rauchentwicklung-am-gebaeude\\\/#article\",\"isPartOf\":{\"@id\":\"https:\\\/\\\/www.feuerwehr-daun.de\\\/wp\\\/einsatz-rauchentwicklung-am-gebaeude\\\/\"},\"author\":{\"name\":\"Christoph\",\"@id\":\"https:\\\/\\\/www.feuerwehr-daun.de\\\/wp\\\/#\\\/schema\\\/person\\\/8c87bdb81b56f1d6ee9deaf0b837dca8\"},\"headline\":\"Einsatz: Rauchentwicklung am Geb\u00e4ude\",\"datePublished\":\"2017-08-17T11:13:36+00:00\",\"mainEntityOfPage\":{\"@id\":\"https:\\\/\\\/www.feuerwehr-daun.de\\\/wp\\\/einsatz-rauchentwicklung-am-gebaeude\\\/\"},\"wordCount\":83,\"image\":{\"@id\":\"https:\\\/\\\/www.feuerwehr-daun.de\\\/wp\\\/einsatz-rauchentwicklung-am-gebaeude\\\/#primaryimage\"},\"thumbnailUrl\":\"https:\\\/\\\/www.feuerwehr-daun.de\\\/wp\\\/wp-content\\\/uploads\\\/2017\\\/08\\\/Einsatz-2017-08-16.jpg\",\"articleSection\":[\"Aktuelles\",\"Eins\u00e4tze\",\"Eins\u00e4tze 2017\"],\"inLanguage\":\"de\"},{\"@type\":\"WebPage\",\"@id\":\"https:\\\/\\\/www.feuerwehr-daun.de\\\/wp\\\/einsatz-rauchentwicklung-am-gebaeude\\\/\",\"url\":\"https:\\\/\\\/www.feuerwehr-daun.de\\\/wp\\\/einsatz-rauchentwicklung-am-gebaeude\\\/\",\"name\":\"Einsatz: Rauchentwicklung am Geb\u00e4ude - Freiwillige Feuerwehr Daun\",\"isPartOf\":{\"@id\":\"https:\\\/\\\/www.feuerwehr-daun.de\\\/wp\\\/#website\"},\"primaryImageOfPage\":{\"@id\":\"https:\\\/\\\/www.feuerwehr-daun.de\\\/wp\\\/einsatz-rauchentwicklung-am-gebaeude\\\/#primaryimage\"},\"image\":{\"@id\":\"https:\\\/\\\/www.feuerwehr-daun.de\\\/wp\\\/einsatz-rauchentwicklung-am-gebaeude\\\/#primaryimage\"},\"thumbnailUrl\":\"https:\\\/\\\/www.feuerwehr-daun.de\\\/wp\\\/wp-content\\\/uploads\\\/2017\\\/08\\\/Einsatz-2017-08-16.jpg\",\"datePublished\":\"2017-08-17T11:13:36+00:00\",\"author\":{\"@id\":\"https:\\\/\\\/www.feuerwehr-daun.de\\\/wp\\\/#\\\/schema\\\/person\\\/8c87bdb81b56f1d6ee9deaf0b837dca8\"},\"breadcrumb\":{\"@id\":\"https:\\\/\\\/www.feuerwehr-daun.de\\\/wp\\\/einsatz-rauchentwicklung-am-gebaeude\\\/#breadcrumb\"},\"inLanguage\":\"de\",\"potentialAction\":[{\"@type\":\"ReadAction\",\"target\":[\"https:\\\/\\\/www.feuerwehr-daun.de\\\/wp\\\/einsatz-rauchentwicklung-am-gebaeude\\\/\"]}]},{\"@type\":\"ImageObject\",\"inLanguage\":\"de\",\"@id\":\"https:\\\/\\\/www.feuerwehr-daun.de\\\/wp\\\/einsatz-rauchentwicklung-am-gebaeude\\\/#primaryimage\",\"url\":\"https:\\\/\\\/www.feuerwehr-daun.de\\\/wp\\\/wp-content\\\/uploads\\\/2017\\\/08\\\/Einsatz-2017-08-16.jpg\",\"contentUrl\":\"https:\\\/\\\/www.feuerwehr-daun.de\\\/wp\\\/wp-content\\\/uploads\\\/2017\\\/08\\\/Einsatz-2017-08-16.jpg\",\"width\":900,\"height\":400},{\"@type\":\"BreadcrumbList\",\"@id\":\"https:\\\/\\\/www.feuerwehr-daun.de\\\/wp\\\/einsatz-rauchentwicklung-am-gebaeude\\\/#breadcrumb\",\"itemListElement\":[{\"@type\":\"ListItem\",\"position\":1,\"name\":\"Startseite\",\"item\":\"https:\\\/\\\/www.feuerwehr-daun.de\\\/wp\\\/\"},{\"@type\":\"ListItem\",\"position\":2,\"name\":\"Einsatz: Rauchentwicklung am Geb\u00e4ude\"}]},{\"@type\":\"WebSite\",\"@id\":\"https:\\\/\\\/www.feuerwehr-daun.de\\\/wp\\\/#website\",\"url\":\"https:\\\/\\\/www.feuerwehr-daun.de\\\/wp\\\/\",\"name\":\"Freiwillige Feuerwehr Daun\",\"description\":\"\",\"potentialAction\":[{\"@type\":\"SearchAction\",\"target\":{\"@type\":\"EntryPoint\",\"urlTemplate\":\"https:\\\/\\\/www.feuerwehr-daun.de\\\/wp\\\/?s={search_term_string}\"},\"query-input\":{\"@type\":\"PropertyValueSpecification\",\"valueRequired\":true,\"valueName\":\"search_term_string\"}}],\"inLanguage\":\"de\"},{\"@type\":\"Person\",\"@id\":\"https:\\\/\\\/www.feuerwehr-daun.de\\\/wp\\\/#\\\/schema\\\/person\\\/8c87bdb81b56f1d6ee9deaf0b837dca8\",\"name\":\"Christoph\",\"url\":\"https:\\\/\\\/www.feuerwehr-daun.de\\\/wp\\\/author\\\/christoph\\\/\"}]}<\/script>\n<!-- \/ Yoast SEO plugin. -->","yoast_head_json":{"title":"Einsatz: Rauchentwicklung am Geb\u00e4ude - Freiwillige Feuerwehr Daun","robots":{"index":"index","follow":"follow","max-snippet":"max-snippet:-1","max-image-preview":"max-image-preview:large","max-video-preview":"max-video-preview:-1"},"canonical":"https:\/\/www.feuerwehr-daun.de\/wp\/einsatz-rauchentwicklung-am-gebaeude\/","og_locale":"de_DE","og_type":"article","og_title":"Einsatz: Rauchentwicklung am Geb\u00e4ude - Freiwillige Feuerwehr Daun","og_description":"Zu einer Rauchentwicklung am Geb\u00e4ude wurde die Feuerwehr Daun am 16.08.2017 um 21.58 Uhr im Stadtgebiet Daun alarmiert. Da es sich bei dem Geb\u00e4ude um ein mehrst\u00f6ckiges Mehrfamilienhaus handelte, r\u00fcckte die Feuerwehr Daun unverz\u00fcglich mit dem kompletten L\u00f6schzug (Kommandowagen, Hilfeleistungsl\u00f6schfahrzeug, Teleskopgelenkmast, Tankl\u00f6schfahrzeug) aus. W\u00e4hrend der Erkundungsphase ging die Feuerwehr Daun vor dem Geb\u00e4ude in Bereitstellung. Da jedoch kein Brand entdeckt [...]","og_url":"https:\/\/www.feuerwehr-daun.de\/wp\/einsatz-rauchentwicklung-am-gebaeude\/","og_site_name":"Freiwillige Feuerwehr Daun","article_publisher":"http:\/\/www.facebook.com\/feuerwehr.daun\/","article_published_time":"2017-08-17T11:13:36+00:00","og_image":[{"width":900,"height":400,"url":"https:\/\/www.feuerwehr-daun.de\/wp\/wp-content\/uploads\/2017\/08\/Einsatz-2017-08-16.jpg","type":"image\/jpeg"}],"author":"Christoph","twitter_card":"summary_large_image","twitter_creator":"@Feuerwehr_Daun","twitter_site":"@Feuerwehr_Daun","twitter_misc":{"Verfasst von":"Christoph"},"schema":{"@context":"https:\/\/schema.org","@graph":[{"@type":"Article","@id":"https:\/\/www.feuerwehr-daun.de\/wp\/einsatz-rauchentwicklung-am-gebaeude\/#article","isPartOf":{"@id":"https:\/\/www.feuerwehr-daun.de\/wp\/einsatz-rauchentwicklung-am-gebaeude\/"},"author":{"name":"Christoph","@id":"https:\/\/www.feuerwehr-daun.de\/wp\/#\/schema\/person\/8c87bdb81b56f1d6ee9deaf0b837dca8"},"headline":"Einsatz: Rauchentwicklung am Geb\u00e4ude","datePublished":"2017-08-17T11:13:36+00:00","mainEntityOfPage":{"@id":"https:\/\/www.feuerwehr-daun.de\/wp\/einsatz-rauchentwicklung-am-gebaeude\/"},"wordCount":83,"image":{"@id":"https:\/\/www.feuerwehr-daun.de\/wp\/einsatz-rauchentwicklung-am-gebaeude\/#primaryimage"},"thumbnailUrl":"https:\/\/www.feuerwehr-daun.de\/wp\/wp-content\/uploads\/2017\/08\/Einsatz-2017-08-16.jpg","articleSection":["Aktuelles","Eins\u00e4tze","Eins\u00e4tze 2017"],"inLanguage":"de"},{"@type":"WebPage","@id":"https:\/\/www.feuerwehr-daun.de\/wp\/einsatz-rauchentwicklung-am-gebaeude\/","url":"https:\/\/www.feuerwehr-daun.de\/wp\/einsatz-rauchentwicklung-am-gebaeude\/","name":"Einsatz: Rauchentwicklung am Geb\u00e4ude - Freiwillige Feuerwehr Daun","isPartOf":{"@id":"https:\/\/www.feuerwehr-daun.de\/wp\/#website"},"primaryImageOfPage":{"@id":"https:\/\/www.feuerwehr-daun.de\/wp\/einsatz-rauchentwicklung-am-gebaeude\/#primaryimage"},"image":{"@id":"https:\/\/www.feuerwehr-daun.de\/wp\/einsatz-rauchentwicklung-am-gebaeude\/#primaryimage"},"thumbnailUrl":"https:\/\/www.feuerwehr-daun.de\/wp\/wp-content\/uploads\/2017\/08\/Einsatz-2017-08-16.jpg","datePublished":"2017-08-17T11:13:36+00:00","author":{"@id":"https:\/\/www.feuerwehr-daun.de\/wp\/#\/schema\/person\/8c87bdb81b56f1d6ee9deaf0b837dca8"},"breadcrumb":{"@id":"https:\/\/www.feuerwehr-daun.de\/wp\/einsatz-rauchentwicklung-am-gebaeude\/#breadcrumb"},"inLanguage":"de","potentialAction":[{"@type":"ReadAction","target":["https:\/\/www.feuerwehr-daun.de\/wp\/einsatz-rauchentwicklung-am-gebaeude\/"]}]},{"@type":"ImageObject","inLanguage":"de","@id":"https:\/\/www.feuerwehr-daun.de\/wp\/einsatz-rauchentwicklung-am-gebaeude\/#primaryimage","url":"https:\/\/www.feuerwehr-daun.de\/wp\/wp-content\/uploads\/2017\/08\/Einsatz-2017-08-16.jpg","contentUrl":"https:\/\/www.feuerwehr-daun.de\/wp\/wp-content\/uploads\/2017\/08\/Einsatz-2017-08-16.jpg","width":900,"height":400},{"@type":"BreadcrumbList","@id":"https:\/\/www.feuerwehr-daun.de\/wp\/einsatz-rauchentwicklung-am-gebaeude\/#breadcrumb","itemListElement":[{"@type":"ListItem","position":1,"name":"Startseite","item":"https:\/\/www.feuerwehr-daun.de\/wp\/"},{"@type":"ListItem","position":2,"name":"Einsatz: Rauchentwicklung am Geb\u00e4ude"}]},{"@type":"WebSite","@id":"https:\/\/www.feuerwehr-daun.de\/wp\/#website","url":"https:\/\/www.feuerwehr-daun.de\/wp\/","name":"Freiwillige Feuerwehr Daun","description":"","potentialAction":[{"@type":"SearchAction","target":{"@type":"EntryPoint","urlTemplate":"https:\/\/www.feuerwehr-daun.de\/wp\/?s={search_term_string}"},"query-input":{"@type":"PropertyValueSpecification","valueRequired":true,"valueName":"search_term_string"}}],"inLanguage":"de"},{"@type":"Person","@id":"https:\/\/www.feuerwehr-daun.de\/wp\/#\/schema\/person\/8c87bdb81b56f1d6ee9deaf0b837dca8","name":"Christoph","url":"https:\/\/www.feuerwehr-daun.de\/wp\/author\/christoph\/"}]}},"_links":{"self":[{"href":"https:\/\/www.feuerwehr-daun.de\/wp\/wp-json\/wp\/v2\/posts\/2162","targetHints":{"allow":["GET"]}}],"collection":[{"href":"https:\/\/www.feuerwehr-daun.de\/wp\/wp-json\/wp\/v2\/posts"}],"about":[{"href":"https:\/\/www.feuerwehr-daun.de\/wp\/wp-json\/wp\/v2\/types\/post"}],"author":[{"embeddable":true,"href":"https:\/\/www.feuerwehr-daun.de\/wp\/wp-json\/wp\/v2\/users\/8"}],"replies":[{"embeddable":true,"href":"https:\/\/www.feuerwehr-daun.de\/wp\/wp-json\/wp\/v2\/comments?post=2162"}],"version-history":[{"count":2,"href":"https:\/\/www.feuerwehr-daun.de\/wp\/wp-json\/wp\/v2\/posts\/2162\/revisions"}],"predecessor-version":[{"id":2166,"href":"https:\/\/www.feuerwehr-daun.de\/wp\/wp-json\/wp\/v2\/posts\/2162\/revisions\/2166"}],"wp:featuredmedia":[{"embeddable":true,"href":"https:\/\/www.feuerwehr-daun.de\/wp\/wp-json\/wp\/v2\/media\/2163"}],"wp:attachment":[{"href":"https:\/\/www.feuerwehr-daun.de\/wp\/wp-json\/wp\/v2\/media?parent=2162"}],"wp:term":[{"taxonomy":"category","embeddable":true,"href":"https:\/\/www.feuerwehr-daun.de\/wp\/wp-json\/wp\/v2\/categories?post=2162"},{"taxonomy":"post_tag","embeddable":true,"href":"https:\/\/www.feuerwehr-daun.de\/wp\/wp-json\/wp\/v2\/tags?post=2162"}],"curies":[{"name":"wp","href":"https:\/\/api.w.org\/{rel}","templated":true}]}}