{"id":2220,"date":"2017-09-11T11:49:15","date_gmt":"2017-09-11T11:49:15","guid":{"rendered":"http:\/\/www.feuerwehr-daun.de\/wp\/?p=2220"},"modified":"2017-09-11T11:49:15","modified_gmt":"2017-09-11T11:49:15","slug":"einsatz-verkehrsunfall-auf-l-46","status":"publish","type":"post","link":"https:\/\/www.feuerwehr-daun.de\/wp\/einsatz-verkehrsunfall-auf-l-46\/","title":{"rendered":"Einsatz: Verkehrsunfall auf L 46"},"content":{"rendered":"<p>Zu einem Verkehrsunfall auf der L 46 im Bereich des Gewerbegebietes Rengen wurde die Feuerwehr Daun am 10.09.2017 um 19:45 Uhr alarmiert. Eine Fahrzeugf\u00fchrerin kam in diesem Bereich von der Fahrbahn ab, das Fahrzeug flog \u00fcber die Leitplanke und anschlie\u00dfend einige Meter hinunter bis ans Ufer der Lieser, wo es zum Stehen kam.<\/p>\n<p><img loading=\"lazy\" decoding=\"async\" class=\"aligncenter wp-image-2227 size-full\" src=\"http:\/\/www.feuerwehr-daun.de\/wp\/wp-content\/uploads\/2017\/09\/VU-Rengen-2017-c.jpg\" alt=\"\" width=\"900\" height=\"400\" srcset=\"https:\/\/www.feuerwehr-daun.de\/wp\/wp-content\/uploads\/2017\/09\/VU-Rengen-2017-c.jpg 900w, https:\/\/www.feuerwehr-daun.de\/wp\/wp-content\/uploads\/2017\/09\/VU-Rengen-2017-c-300x133.jpg 300w, https:\/\/www.feuerwehr-daun.de\/wp\/wp-content\/uploads\/2017\/09\/VU-Rengen-2017-c-768x341.jpg 768w\" sizes=\"auto, (max-width: 900px) 100vw, 900px\" \/><\/p>\n<p>Von der Stra\u00dfe aus konnte man das verungl\u00fcckte Fahrzeug kaum erkennen. Die Fahrzeugf\u00fchrerin konnte sich selbst aus dem Fahrzeugwrack befreien und mit Hilfe von Fahrern des nachfolgenden Verkehrs hoch zur Stra\u00dfe gehen.<\/p>\n<p><img loading=\"lazy\" decoding=\"async\" class=\"aligncenter wp-image-2221 size-full\" src=\"http:\/\/www.feuerwehr-daun.de\/wp\/wp-content\/uploads\/2017\/09\/VU-Rengen-2017-a.jpg\" alt=\"\" width=\"900\" height=\"400\" srcset=\"https:\/\/www.feuerwehr-daun.de\/wp\/wp-content\/uploads\/2017\/09\/VU-Rengen-2017-a.jpg 900w, https:\/\/www.feuerwehr-daun.de\/wp\/wp-content\/uploads\/2017\/09\/VU-Rengen-2017-a-300x133.jpg 300w, https:\/\/www.feuerwehr-daun.de\/wp\/wp-content\/uploads\/2017\/09\/VU-Rengen-2017-a-768x341.jpg 768w\" sizes=\"auto, (max-width: 900px) 100vw, 900px\" \/><\/p>\n<p>Beim Eintreffen der Feuerwehr Daun wurde sie bereits von Ersthelfern versorgt und anschlie\u00dfend dem Rettungsdienst \u00fcbergeben. Die Feuerwehr Daun sicherte die Unfallstelle ab, leitete den Verkehr um und leuchtete aufgrund der eintretenden D\u00e4mmerung die Unfallstelle aus.<\/p>\n<p><img loading=\"lazy\" decoding=\"async\" class=\"aligncenter wp-image-2235 size-full\" src=\"http:\/\/www.feuerwehr-daun.de\/wp\/wp-content\/uploads\/2017\/09\/VU-Rengen-2017-ee.jpg\" alt=\"\" width=\"900\" height=\"400\" srcset=\"https:\/\/www.feuerwehr-daun.de\/wp\/wp-content\/uploads\/2017\/09\/VU-Rengen-2017-ee.jpg 900w, https:\/\/www.feuerwehr-daun.de\/wp\/wp-content\/uploads\/2017\/09\/VU-Rengen-2017-ee-300x133.jpg 300w, https:\/\/www.feuerwehr-daun.de\/wp\/wp-content\/uploads\/2017\/09\/VU-Rengen-2017-ee-768x341.jpg 768w\" sizes=\"auto, (max-width: 900px) 100vw, 900px\" \/><\/p>\n<p>Die Fahrzeugbatterie wurde von den Einsatzkr\u00e4ften abgeklemmt, um die Entstehung eines Fahrzeugbrandes zu verhindern. Aufgrund der Lage unterhalb der Stra\u00dfe war die Einsatzstelle schwer zug\u00e4nglich.<\/p>\n<p><img loading=\"lazy\" decoding=\"async\" class=\"aligncenter wp-image-2233 size-full\" src=\"http:\/\/www.feuerwehr-daun.de\/wp\/wp-content\/uploads\/2017\/09\/VU-Rengen-2017-bb-Kopie.jpg\" alt=\"\" width=\"900\" height=\"400\" srcset=\"https:\/\/www.feuerwehr-daun.de\/wp\/wp-content\/uploads\/2017\/09\/VU-Rengen-2017-bb-Kopie.jpg 900w, https:\/\/www.feuerwehr-daun.de\/wp\/wp-content\/uploads\/2017\/09\/VU-Rengen-2017-bb-Kopie-300x133.jpg 300w, https:\/\/www.feuerwehr-daun.de\/wp\/wp-content\/uploads\/2017\/09\/VU-Rengen-2017-bb-Kopie-768x341.jpg 768w\" sizes=\"auto, (max-width: 900px) 100vw, 900px\" \/><\/p>\n<p>Nachdem der Abschleppdienst eingetroffen war, half die Feuerwehr Daun bei der Bergung des verungl\u00fcckten Fahrzeuges. Anschlie\u00dfend konnte der Einsatz beendet werden.<\/p>\n<p>&nbsp;<\/p>\n","protected":false},"excerpt":{"rendered":"<p>Zu einem Verkehrsunfall auf der L 46 im Bereich des Gewerbegebietes Rengen wurde die Feuerwehr Daun am 10.09.2017 um 19:45 Uhr alarmiert. Eine Fahrzeugf\u00fchrerin kam in diesem Bereich von der Fahrbahn ab, das Fahrzeug flog \u00fcber die Leitplanke und anschlie\u00dfend einige Meter hinunter bis ans Ufer der Lieser, wo es zum Stehen kam. Von der Stra\u00dfe aus konnte man das [&#8230;]<\/p>\n","protected":false},"author":8,"featured_media":2236,"comment_status":"closed","ping_status":"open","sticky":false,"template":"","format":"standard","meta":{"_s2mail":"yes","footnotes":""},"categories":[1,5,59],"tags":[],"class_list":["post-2220","post","type-post","status-publish","format-standard","has-post-thumbnail","hentry","category-aktuelles","category-einsatze","category-einsaetze-2017"],"yoast_head":"<!-- This site is optimized with the Yoast SEO plugin v27.5 - https:\/\/yoast.com\/product\/yoast-seo-wordpress\/ -->\n<title>Einsatz: Verkehrsunfall auf L 46 - Freiwillige Feuerwehr Daun<\/title>\n<meta name=\"robots\" content=\"index, follow, max-snippet:-1, max-image-preview:large, max-video-preview:-1\" \/>\n<link rel=\"canonical\" href=\"https:\/\/www.feuerwehr-daun.de\/wp\/einsatz-verkehrsunfall-auf-l-46\/\" \/>\n<meta property=\"og:locale\" content=\"de_DE\" \/>\n<meta property=\"og:type\" content=\"article\" \/>\n<meta property=\"og:title\" content=\"Einsatz: Verkehrsunfall auf L 46 - Freiwillige Feuerwehr Daun\" \/>\n<meta property=\"og:description\" content=\"Zu einem Verkehrsunfall auf der L 46 im Bereich des Gewerbegebietes Rengen wurde die Feuerwehr Daun am 10.09.2017 um 19:45 Uhr alarmiert. Eine Fahrzeugf\u00fchrerin kam in diesem Bereich von der Fahrbahn ab, das Fahrzeug flog \u00fcber die Leitplanke und anschlie\u00dfend einige Meter hinunter bis ans Ufer der Lieser, wo es zum Stehen kam. Von der Stra\u00dfe aus konnte man das [...]\" \/>\n<meta property=\"og:url\" content=\"https:\/\/www.feuerwehr-daun.de\/wp\/einsatz-verkehrsunfall-auf-l-46\/\" \/>\n<meta property=\"og:site_name\" content=\"Freiwillige Feuerwehr Daun\" \/>\n<meta property=\"article:publisher\" content=\"http:\/\/www.facebook.com\/feuerwehr.daun\/\" \/>\n<meta property=\"article:published_time\" content=\"2017-09-11T11:49:15+00:00\" \/>\n<meta property=\"og:image\" content=\"https:\/\/www.feuerwehr-daun.de\/wp\/wp-content\/uploads\/2017\/09\/VU-Rengen-2017-dd.jpg\" \/>\n\t<meta property=\"og:image:width\" content=\"900\" \/>\n\t<meta property=\"og:image:height\" content=\"400\" \/>\n\t<meta property=\"og:image:type\" content=\"image\/jpeg\" \/>\n<meta name=\"author\" content=\"Christoph\" \/>\n<meta name=\"twitter:card\" content=\"summary_large_image\" \/>\n<meta name=\"twitter:creator\" content=\"@Feuerwehr_Daun\" \/>\n<meta name=\"twitter:site\" content=\"@Feuerwehr_Daun\" \/>\n<meta name=\"twitter:label1\" content=\"Verfasst von\" \/>\n\t<meta name=\"twitter:data1\" content=\"Christoph\" \/>\n\t<meta name=\"twitter:label2\" content=\"Gesch\u00e4tzte Lesezeit\" \/>\n\t<meta name=\"twitter:data2\" content=\"1\u00a0Minute\" \/>\n<script type=\"application\/ld+json\" class=\"yoast-schema-graph\">{\"@context\":\"https:\\\/\\\/schema.org\",\"@graph\":[{\"@type\":\"Article\",\"@id\":\"https:\\\/\\\/www.feuerwehr-daun.de\\\/wp\\\/einsatz-verkehrsunfall-auf-l-46\\\/#article\",\"isPartOf\":{\"@id\":\"https:\\\/\\\/www.feuerwehr-daun.de\\\/wp\\\/einsatz-verkehrsunfall-auf-l-46\\\/\"},\"author\":{\"name\":\"Christoph\",\"@id\":\"https:\\\/\\\/www.feuerwehr-daun.de\\\/wp\\\/#\\\/schema\\\/person\\\/8c87bdb81b56f1d6ee9deaf0b837dca8\"},\"headline\":\"Einsatz: Verkehrsunfall auf L 46\",\"datePublished\":\"2017-09-11T11:49:15+00:00\",\"mainEntityOfPage\":{\"@id\":\"https:\\\/\\\/www.feuerwehr-daun.de\\\/wp\\\/einsatz-verkehrsunfall-auf-l-46\\\/\"},\"wordCount\":182,\"image\":{\"@id\":\"https:\\\/\\\/www.feuerwehr-daun.de\\\/wp\\\/einsatz-verkehrsunfall-auf-l-46\\\/#primaryimage\"},\"thumbnailUrl\":\"https:\\\/\\\/www.feuerwehr-daun.de\\\/wp\\\/wp-content\\\/uploads\\\/2017\\\/09\\\/VU-Rengen-2017-dd.jpg\",\"articleSection\":[\"Aktuelles\",\"Eins\u00e4tze\",\"Eins\u00e4tze 2017\"],\"inLanguage\":\"de\"},{\"@type\":\"WebPage\",\"@id\":\"https:\\\/\\\/www.feuerwehr-daun.de\\\/wp\\\/einsatz-verkehrsunfall-auf-l-46\\\/\",\"url\":\"https:\\\/\\\/www.feuerwehr-daun.de\\\/wp\\\/einsatz-verkehrsunfall-auf-l-46\\\/\",\"name\":\"Einsatz: Verkehrsunfall auf L 46 - Freiwillige Feuerwehr Daun\",\"isPartOf\":{\"@id\":\"https:\\\/\\\/www.feuerwehr-daun.de\\\/wp\\\/#website\"},\"primaryImageOfPage\":{\"@id\":\"https:\\\/\\\/www.feuerwehr-daun.de\\\/wp\\\/einsatz-verkehrsunfall-auf-l-46\\\/#primaryimage\"},\"image\":{\"@id\":\"https:\\\/\\\/www.feuerwehr-daun.de\\\/wp\\\/einsatz-verkehrsunfall-auf-l-46\\\/#primaryimage\"},\"thumbnailUrl\":\"https:\\\/\\\/www.feuerwehr-daun.de\\\/wp\\\/wp-content\\\/uploads\\\/2017\\\/09\\\/VU-Rengen-2017-dd.jpg\",\"datePublished\":\"2017-09-11T11:49:15+00:00\",\"author\":{\"@id\":\"https:\\\/\\\/www.feuerwehr-daun.de\\\/wp\\\/#\\\/schema\\\/person\\\/8c87bdb81b56f1d6ee9deaf0b837dca8\"},\"breadcrumb\":{\"@id\":\"https:\\\/\\\/www.feuerwehr-daun.de\\\/wp\\\/einsatz-verkehrsunfall-auf-l-46\\\/#breadcrumb\"},\"inLanguage\":\"de\",\"potentialAction\":[{\"@type\":\"ReadAction\",\"target\":[\"https:\\\/\\\/www.feuerwehr-daun.de\\\/wp\\\/einsatz-verkehrsunfall-auf-l-46\\\/\"]}]},{\"@type\":\"ImageObject\",\"inLanguage\":\"de\",\"@id\":\"https:\\\/\\\/www.feuerwehr-daun.de\\\/wp\\\/einsatz-verkehrsunfall-auf-l-46\\\/#primaryimage\",\"url\":\"https:\\\/\\\/www.feuerwehr-daun.de\\\/wp\\\/wp-content\\\/uploads\\\/2017\\\/09\\\/VU-Rengen-2017-dd.jpg\",\"contentUrl\":\"https:\\\/\\\/www.feuerwehr-daun.de\\\/wp\\\/wp-content\\\/uploads\\\/2017\\\/09\\\/VU-Rengen-2017-dd.jpg\",\"width\":900,\"height\":400,\"caption\":\"OLYMPUS DIGITAL CAMERA\"},{\"@type\":\"BreadcrumbList\",\"@id\":\"https:\\\/\\\/www.feuerwehr-daun.de\\\/wp\\\/einsatz-verkehrsunfall-auf-l-46\\\/#breadcrumb\",\"itemListElement\":[{\"@type\":\"ListItem\",\"position\":1,\"name\":\"Startseite\",\"item\":\"https:\\\/\\\/www.feuerwehr-daun.de\\\/wp\\\/\"},{\"@type\":\"ListItem\",\"position\":2,\"name\":\"Einsatz: Verkehrsunfall auf L 46\"}]},{\"@type\":\"WebSite\",\"@id\":\"https:\\\/\\\/www.feuerwehr-daun.de\\\/wp\\\/#website\",\"url\":\"https:\\\/\\\/www.feuerwehr-daun.de\\\/wp\\\/\",\"name\":\"Freiwillige Feuerwehr Daun\",\"description\":\"\",\"potentialAction\":[{\"@type\":\"SearchAction\",\"target\":{\"@type\":\"EntryPoint\",\"urlTemplate\":\"https:\\\/\\\/www.feuerwehr-daun.de\\\/wp\\\/?s={search_term_string}\"},\"query-input\":{\"@type\":\"PropertyValueSpecification\",\"valueRequired\":true,\"valueName\":\"search_term_string\"}}],\"inLanguage\":\"de\"},{\"@type\":\"Person\",\"@id\":\"https:\\\/\\\/www.feuerwehr-daun.de\\\/wp\\\/#\\\/schema\\\/person\\\/8c87bdb81b56f1d6ee9deaf0b837dca8\",\"name\":\"Christoph\",\"url\":\"https:\\\/\\\/www.feuerwehr-daun.de\\\/wp\\\/author\\\/christoph\\\/\"}]}<\/script>\n<!-- \/ Yoast SEO plugin. -->","yoast_head_json":{"title":"Einsatz: Verkehrsunfall auf L 46 - Freiwillige Feuerwehr Daun","robots":{"index":"index","follow":"follow","max-snippet":"max-snippet:-1","max-image-preview":"max-image-preview:large","max-video-preview":"max-video-preview:-1"},"canonical":"https:\/\/www.feuerwehr-daun.de\/wp\/einsatz-verkehrsunfall-auf-l-46\/","og_locale":"de_DE","og_type":"article","og_title":"Einsatz: Verkehrsunfall auf L 46 - Freiwillige Feuerwehr Daun","og_description":"Zu einem Verkehrsunfall auf der L 46 im Bereich des Gewerbegebietes Rengen wurde die Feuerwehr Daun am 10.09.2017 um 19:45 Uhr alarmiert. Eine Fahrzeugf\u00fchrerin kam in diesem Bereich von der Fahrbahn ab, das Fahrzeug flog \u00fcber die Leitplanke und anschlie\u00dfend einige Meter hinunter bis ans Ufer der Lieser, wo es zum Stehen kam. Von der Stra\u00dfe aus konnte man das [...]","og_url":"https:\/\/www.feuerwehr-daun.de\/wp\/einsatz-verkehrsunfall-auf-l-46\/","og_site_name":"Freiwillige Feuerwehr Daun","article_publisher":"http:\/\/www.facebook.com\/feuerwehr.daun\/","article_published_time":"2017-09-11T11:49:15+00:00","og_image":[{"width":900,"height":400,"url":"https:\/\/www.feuerwehr-daun.de\/wp\/wp-content\/uploads\/2017\/09\/VU-Rengen-2017-dd.jpg","type":"image\/jpeg"}],"author":"Christoph","twitter_card":"summary_large_image","twitter_creator":"@Feuerwehr_Daun","twitter_site":"@Feuerwehr_Daun","twitter_misc":{"Verfasst von":"Christoph","Gesch\u00e4tzte Lesezeit":"1\u00a0Minute"},"schema":{"@context":"https:\/\/schema.org","@graph":[{"@type":"Article","@id":"https:\/\/www.feuerwehr-daun.de\/wp\/einsatz-verkehrsunfall-auf-l-46\/#article","isPartOf":{"@id":"https:\/\/www.feuerwehr-daun.de\/wp\/einsatz-verkehrsunfall-auf-l-46\/"},"author":{"name":"Christoph","@id":"https:\/\/www.feuerwehr-daun.de\/wp\/#\/schema\/person\/8c87bdb81b56f1d6ee9deaf0b837dca8"},"headline":"Einsatz: Verkehrsunfall auf L 46","datePublished":"2017-09-11T11:49:15+00:00","mainEntityOfPage":{"@id":"https:\/\/www.feuerwehr-daun.de\/wp\/einsatz-verkehrsunfall-auf-l-46\/"},"wordCount":182,"image":{"@id":"https:\/\/www.feuerwehr-daun.de\/wp\/einsatz-verkehrsunfall-auf-l-46\/#primaryimage"},"thumbnailUrl":"https:\/\/www.feuerwehr-daun.de\/wp\/wp-content\/uploads\/2017\/09\/VU-Rengen-2017-dd.jpg","articleSection":["Aktuelles","Eins\u00e4tze","Eins\u00e4tze 2017"],"inLanguage":"de"},{"@type":"WebPage","@id":"https:\/\/www.feuerwehr-daun.de\/wp\/einsatz-verkehrsunfall-auf-l-46\/","url":"https:\/\/www.feuerwehr-daun.de\/wp\/einsatz-verkehrsunfall-auf-l-46\/","name":"Einsatz: Verkehrsunfall auf L 46 - Freiwillige Feuerwehr Daun","isPartOf":{"@id":"https:\/\/www.feuerwehr-daun.de\/wp\/#website"},"primaryImageOfPage":{"@id":"https:\/\/www.feuerwehr-daun.de\/wp\/einsatz-verkehrsunfall-auf-l-46\/#primaryimage"},"image":{"@id":"https:\/\/www.feuerwehr-daun.de\/wp\/einsatz-verkehrsunfall-auf-l-46\/#primaryimage"},"thumbnailUrl":"https:\/\/www.feuerwehr-daun.de\/wp\/wp-content\/uploads\/2017\/09\/VU-Rengen-2017-dd.jpg","datePublished":"2017-09-11T11:49:15+00:00","author":{"@id":"https:\/\/www.feuerwehr-daun.de\/wp\/#\/schema\/person\/8c87bdb81b56f1d6ee9deaf0b837dca8"},"breadcrumb":{"@id":"https:\/\/www.feuerwehr-daun.de\/wp\/einsatz-verkehrsunfall-auf-l-46\/#breadcrumb"},"inLanguage":"de","potentialAction":[{"@type":"ReadAction","target":["https:\/\/www.feuerwehr-daun.de\/wp\/einsatz-verkehrsunfall-auf-l-46\/"]}]},{"@type":"ImageObject","inLanguage":"de","@id":"https:\/\/www.feuerwehr-daun.de\/wp\/einsatz-verkehrsunfall-auf-l-46\/#primaryimage","url":"https:\/\/www.feuerwehr-daun.de\/wp\/wp-content\/uploads\/2017\/09\/VU-Rengen-2017-dd.jpg","contentUrl":"https:\/\/www.feuerwehr-daun.de\/wp\/wp-content\/uploads\/2017\/09\/VU-Rengen-2017-dd.jpg","width":900,"height":400,"caption":"OLYMPUS DIGITAL CAMERA"},{"@type":"BreadcrumbList","@id":"https:\/\/www.feuerwehr-daun.de\/wp\/einsatz-verkehrsunfall-auf-l-46\/#breadcrumb","itemListElement":[{"@type":"ListItem","position":1,"name":"Startseite","item":"https:\/\/www.feuerwehr-daun.de\/wp\/"},{"@type":"ListItem","position":2,"name":"Einsatz: Verkehrsunfall auf L 46"}]},{"@type":"WebSite","@id":"https:\/\/www.feuerwehr-daun.de\/wp\/#website","url":"https:\/\/www.feuerwehr-daun.de\/wp\/","name":"Freiwillige Feuerwehr Daun","description":"","potentialAction":[{"@type":"SearchAction","target":{"@type":"EntryPoint","urlTemplate":"https:\/\/www.feuerwehr-daun.de\/wp\/?s={search_term_string}"},"query-input":{"@type":"PropertyValueSpecification","valueRequired":true,"valueName":"search_term_string"}}],"inLanguage":"de"},{"@type":"Person","@id":"https:\/\/www.feuerwehr-daun.de\/wp\/#\/schema\/person\/8c87bdb81b56f1d6ee9deaf0b837dca8","name":"Christoph","url":"https:\/\/www.feuerwehr-daun.de\/wp\/author\/christoph\/"}]}},"_links":{"self":[{"href":"https:\/\/www.feuerwehr-daun.de\/wp\/wp-json\/wp\/v2\/posts\/2220","targetHints":{"allow":["GET"]}}],"collection":[{"href":"https:\/\/www.feuerwehr-daun.de\/wp\/wp-json\/wp\/v2\/posts"}],"about":[{"href":"https:\/\/www.feuerwehr-daun.de\/wp\/wp-json\/wp\/v2\/types\/post"}],"author":[{"embeddable":true,"href":"https:\/\/www.feuerwehr-daun.de\/wp\/wp-json\/wp\/v2\/users\/8"}],"replies":[{"embeddable":true,"href":"https:\/\/www.feuerwehr-daun.de\/wp\/wp-json\/wp\/v2\/comments?post=2220"}],"version-history":[{"count":2,"href":"https:\/\/www.feuerwehr-daun.de\/wp\/wp-json\/wp\/v2\/posts\/2220\/revisions"}],"predecessor-version":[{"id":2239,"href":"https:\/\/www.feuerwehr-daun.de\/wp\/wp-json\/wp\/v2\/posts\/2220\/revisions\/2239"}],"wp:featuredmedia":[{"embeddable":true,"href":"https:\/\/www.feuerwehr-daun.de\/wp\/wp-json\/wp\/v2\/media\/2236"}],"wp:attachment":[{"href":"https:\/\/www.feuerwehr-daun.de\/wp\/wp-json\/wp\/v2\/media?parent=2220"}],"wp:term":[{"taxonomy":"category","embeddable":true,"href":"https:\/\/www.feuerwehr-daun.de\/wp\/wp-json\/wp\/v2\/categories?post=2220"},{"taxonomy":"post_tag","embeddable":true,"href":"https:\/\/www.feuerwehr-daun.de\/wp\/wp-json\/wp\/v2\/tags?post=2220"}],"curies":[{"name":"wp","href":"https:\/\/api.w.org\/{rel}","templated":true}]}}