{"id":738,"date":"2014-11-17T17:01:25","date_gmt":"2014-11-17T17:01:25","guid":{"rendered":"http:\/\/www.feuerwehr-daun.de\/wp\/?p=738"},"modified":"2014-11-18T16:03:15","modified_gmt":"2014-11-18T16:03:15","slug":"besuche-der-berufsfeuerwehr-koeln","status":"publish","type":"post","link":"https:\/\/www.feuerwehr-daun.de\/wp\/besuche-der-berufsfeuerwehr-koeln\/","title":{"rendered":"Besuch bei der Berufsfeuerwehr K\u00f6ln"},"content":{"rendered":"<p style=\"text-align: justify;\"><a href=\"http:\/\/www.feuerwehr-daun.de\/wp\/wp-content\/uploads\/2014\/11\/Wache-2-BF-K\u00f6ln-2014.jpg\"><img loading=\"lazy\" decoding=\"async\" class=\"aligncenter size-full wp-image-739\" src=\"http:\/\/www.feuerwehr-daun.de\/wp\/wp-content\/uploads\/2014\/11\/Wache-2-BF-K\u00f6ln-2014.jpg\" alt=\"Wache 2 BF K\u00f6ln 2014\" width=\"680\" height=\"300\" srcset=\"https:\/\/www.feuerwehr-daun.de\/wp\/wp-content\/uploads\/2014\/11\/Wache-2-BF-K\u00f6ln-2014.jpg 680w, https:\/\/www.feuerwehr-daun.de\/wp\/wp-content\/uploads\/2014\/11\/Wache-2-BF-K\u00f6ln-2014-300x132.jpg 300w\" sizes=\"auto, (max-width: 680px) 100vw, 680px\" \/><\/a><\/p>\n<p style=\"text-align: justify;\">\u201eDa m\u00fcssen wir noch \u00fcben, bis wir uns so schnell umziehen k\u00f6nnen\u201c, kommentierten die Sch\u00fcler des Dauner Geschwister-Scholl-Gymnasiums anl\u00e4sslich der Besichtigung der Feuerwache 2 Marienthal der Berufsfeuerwehr K\u00f6ln. Kurz zuvor, w\u00e4hrend der Besichtigung der Fahrzeughalle, ert\u00f6nte der Alarmgong f\u00fcr den L\u00f6schzug, Feuerwehrm\u00e4nner fielen scheinbar entlang der Rutschstange von der Decke, zogen sich um, bestiegen die Fahrzeuge und fuhren davon. Und das alles in weit weniger als 90 Sekunden.<br \/>\nEine Arbeitsgemeinschaft (AG) zum Thema Feuerwehr existiert am Dauner Geschwister-Scholl-Gymnasium in Kooperation mit der Dauner Feuerwehr. Mitglieder dieser AG<!--more--> besichtigten eine Wache der Berufsfeuerwehr K\u00f6ln und wurden dort von Bernd Klaedtke auf eine spannende Tour durch die Feuerwache 2 mitgenommen. Neben den Fahrzeughallen mit den gro\u00dfen roten Autos wurden auch die \u00fcbrigen R\u00e4ume der Feuer- und Rettungswache wie z.B. Werkst\u00e4tten, Medikamentenraum, Aufenthaltsr\u00e4ume, K\u00fcche, Ruher\u00e4ume, Sporthalle und Schulungsraum besichtigt.<br \/>\nAber auch wie der Tag eines Berufsfeuerwehrmannes abl\u00e4uft und wie eine so gro\u00dfe Feuerwehr einer Millionenstadt organisiert ist konnte Bernd Klaedtke spannend und informativ r\u00fcberbringen, so dass die Sch\u00fcler hier viele neuen Eindr\u00fccke gewinnen konnten.<\/p>\n","protected":false},"excerpt":{"rendered":"<p>\u201eDa m\u00fcssen wir noch \u00fcben, bis wir uns so schnell umziehen k\u00f6nnen\u201c, kommentierten die Sch\u00fcler des Dauner Geschwister-Scholl-Gymnasiums anl\u00e4sslich der Besichtigung der Feuerwache 2 Marienthal der Berufsfeuerwehr K\u00f6ln. Kurz zuvor, w\u00e4hrend der Besichtigung der Fahrzeughalle, ert\u00f6nte der Alarmgong f\u00fcr den L\u00f6schzug, Feuerwehrm\u00e4nner fielen scheinbar entlang der Rutschstange von der Decke, zogen sich um, bestiegen die Fahrzeuge und fuhren davon. Und [&#8230;]<\/p>\n","protected":false},"author":8,"featured_media":739,"comment_status":"closed","ping_status":"open","sticky":false,"template":"","format":"standard","meta":{"_s2mail":"yes","footnotes":""},"categories":[1],"tags":[48],"class_list":["post-738","post","type-post","status-publish","format-standard","has-post-thumbnail","hentry","category-aktuelles","tag-feuerwehr-ag"],"yoast_head":"<!-- This site is optimized with the Yoast SEO plugin v27.5 - https:\/\/yoast.com\/product\/yoast-seo-wordpress\/ -->\n<title>Besuch bei der Berufsfeuerwehr K\u00f6ln - Freiwillige Feuerwehr Daun<\/title>\n<meta name=\"robots\" content=\"index, follow, max-snippet:-1, max-image-preview:large, max-video-preview:-1\" \/>\n<link rel=\"canonical\" href=\"https:\/\/www.feuerwehr-daun.de\/wp\/besuche-der-berufsfeuerwehr-koeln\/\" \/>\n<meta property=\"og:locale\" content=\"de_DE\" \/>\n<meta property=\"og:type\" content=\"article\" \/>\n<meta property=\"og:title\" content=\"Besuch bei der Berufsfeuerwehr K\u00f6ln - Freiwillige Feuerwehr Daun\" \/>\n<meta property=\"og:description\" content=\"\u201eDa m\u00fcssen wir noch \u00fcben, bis wir uns so schnell umziehen k\u00f6nnen\u201c, kommentierten die Sch\u00fcler des Dauner Geschwister-Scholl-Gymnasiums anl\u00e4sslich der Besichtigung der Feuerwache 2 Marienthal der Berufsfeuerwehr K\u00f6ln. Kurz zuvor, w\u00e4hrend der Besichtigung der Fahrzeughalle, ert\u00f6nte der Alarmgong f\u00fcr den L\u00f6schzug, Feuerwehrm\u00e4nner fielen scheinbar entlang der Rutschstange von der Decke, zogen sich um, bestiegen die Fahrzeuge und fuhren davon. Und [...]\" \/>\n<meta property=\"og:url\" content=\"https:\/\/www.feuerwehr-daun.de\/wp\/besuche-der-berufsfeuerwehr-koeln\/\" \/>\n<meta property=\"og:site_name\" content=\"Freiwillige Feuerwehr Daun\" \/>\n<meta property=\"article:publisher\" content=\"http:\/\/www.facebook.com\/feuerwehr.daun\/\" \/>\n<meta property=\"article:published_time\" content=\"2014-11-17T17:01:25+00:00\" \/>\n<meta property=\"article:modified_time\" content=\"2014-11-18T16:03:15+00:00\" \/>\n<meta property=\"og:image\" content=\"https:\/\/www.feuerwehr-daun.de\/wp\/wp-content\/uploads\/2014\/11\/Wache-2-BF-K\u00f6ln-2014.jpg\" \/>\n\t<meta property=\"og:image:width\" content=\"680\" \/>\n\t<meta property=\"og:image:height\" content=\"300\" \/>\n\t<meta property=\"og:image:type\" content=\"image\/jpeg\" \/>\n<meta name=\"author\" content=\"Christoph\" \/>\n<meta name=\"twitter:card\" content=\"summary_large_image\" \/>\n<meta name=\"twitter:creator\" content=\"@Feuerwehr_Daun\" \/>\n<meta name=\"twitter:site\" content=\"@Feuerwehr_Daun\" \/>\n<meta name=\"twitter:label1\" content=\"Verfasst von\" \/>\n\t<meta name=\"twitter:data1\" content=\"Christoph\" \/>\n\t<meta name=\"twitter:label2\" content=\"Gesch\u00e4tzte Lesezeit\" \/>\n\t<meta name=\"twitter:data2\" content=\"1\u00a0Minute\" \/>\n<script type=\"application\/ld+json\" class=\"yoast-schema-graph\">{\"@context\":\"https:\\\/\\\/schema.org\",\"@graph\":[{\"@type\":\"Article\",\"@id\":\"https:\\\/\\\/www.feuerwehr-daun.de\\\/wp\\\/besuche-der-berufsfeuerwehr-koeln\\\/#article\",\"isPartOf\":{\"@id\":\"https:\\\/\\\/www.feuerwehr-daun.de\\\/wp\\\/besuche-der-berufsfeuerwehr-koeln\\\/\"},\"author\":{\"name\":\"Christoph\",\"@id\":\"https:\\\/\\\/www.feuerwehr-daun.de\\\/wp\\\/#\\\/schema\\\/person\\\/8c87bdb81b56f1d6ee9deaf0b837dca8\"},\"headline\":\"Besuch bei der Berufsfeuerwehr K\u00f6ln\",\"datePublished\":\"2014-11-17T17:01:25+00:00\",\"dateModified\":\"2014-11-18T16:03:15+00:00\",\"mainEntityOfPage\":{\"@id\":\"https:\\\/\\\/www.feuerwehr-daun.de\\\/wp\\\/besuche-der-berufsfeuerwehr-koeln\\\/\"},\"wordCount\":197,\"image\":{\"@id\":\"https:\\\/\\\/www.feuerwehr-daun.de\\\/wp\\\/besuche-der-berufsfeuerwehr-koeln\\\/#primaryimage\"},\"thumbnailUrl\":\"https:\\\/\\\/www.feuerwehr-daun.de\\\/wp\\\/wp-content\\\/uploads\\\/2014\\\/11\\\/Wache-2-BF-K\u00f6ln-2014.jpg\",\"keywords\":[\"Feuerwehr-AG\"],\"articleSection\":[\"Aktuelles\"],\"inLanguage\":\"de\"},{\"@type\":\"WebPage\",\"@id\":\"https:\\\/\\\/www.feuerwehr-daun.de\\\/wp\\\/besuche-der-berufsfeuerwehr-koeln\\\/\",\"url\":\"https:\\\/\\\/www.feuerwehr-daun.de\\\/wp\\\/besuche-der-berufsfeuerwehr-koeln\\\/\",\"name\":\"Besuch bei der Berufsfeuerwehr K\u00f6ln - Freiwillige Feuerwehr Daun\",\"isPartOf\":{\"@id\":\"https:\\\/\\\/www.feuerwehr-daun.de\\\/wp\\\/#website\"},\"primaryImageOfPage\":{\"@id\":\"https:\\\/\\\/www.feuerwehr-daun.de\\\/wp\\\/besuche-der-berufsfeuerwehr-koeln\\\/#primaryimage\"},\"image\":{\"@id\":\"https:\\\/\\\/www.feuerwehr-daun.de\\\/wp\\\/besuche-der-berufsfeuerwehr-koeln\\\/#primaryimage\"},\"thumbnailUrl\":\"https:\\\/\\\/www.feuerwehr-daun.de\\\/wp\\\/wp-content\\\/uploads\\\/2014\\\/11\\\/Wache-2-BF-K\u00f6ln-2014.jpg\",\"datePublished\":\"2014-11-17T17:01:25+00:00\",\"dateModified\":\"2014-11-18T16:03:15+00:00\",\"author\":{\"@id\":\"https:\\\/\\\/www.feuerwehr-daun.de\\\/wp\\\/#\\\/schema\\\/person\\\/8c87bdb81b56f1d6ee9deaf0b837dca8\"},\"breadcrumb\":{\"@id\":\"https:\\\/\\\/www.feuerwehr-daun.de\\\/wp\\\/besuche-der-berufsfeuerwehr-koeln\\\/#breadcrumb\"},\"inLanguage\":\"de\",\"potentialAction\":[{\"@type\":\"ReadAction\",\"target\":[\"https:\\\/\\\/www.feuerwehr-daun.de\\\/wp\\\/besuche-der-berufsfeuerwehr-koeln\\\/\"]}]},{\"@type\":\"ImageObject\",\"inLanguage\":\"de\",\"@id\":\"https:\\\/\\\/www.feuerwehr-daun.de\\\/wp\\\/besuche-der-berufsfeuerwehr-koeln\\\/#primaryimage\",\"url\":\"https:\\\/\\\/www.feuerwehr-daun.de\\\/wp\\\/wp-content\\\/uploads\\\/2014\\\/11\\\/Wache-2-BF-K\u00f6ln-2014.jpg\",\"contentUrl\":\"https:\\\/\\\/www.feuerwehr-daun.de\\\/wp\\\/wp-content\\\/uploads\\\/2014\\\/11\\\/Wache-2-BF-K\u00f6ln-2014.jpg\",\"width\":680,\"height\":300},{\"@type\":\"BreadcrumbList\",\"@id\":\"https:\\\/\\\/www.feuerwehr-daun.de\\\/wp\\\/besuche-der-berufsfeuerwehr-koeln\\\/#breadcrumb\",\"itemListElement\":[{\"@type\":\"ListItem\",\"position\":1,\"name\":\"Startseite\",\"item\":\"https:\\\/\\\/www.feuerwehr-daun.de\\\/wp\\\/\"},{\"@type\":\"ListItem\",\"position\":2,\"name\":\"Besuch bei der Berufsfeuerwehr K\u00f6ln\"}]},{\"@type\":\"WebSite\",\"@id\":\"https:\\\/\\\/www.feuerwehr-daun.de\\\/wp\\\/#website\",\"url\":\"https:\\\/\\\/www.feuerwehr-daun.de\\\/wp\\\/\",\"name\":\"Freiwillige Feuerwehr Daun\",\"description\":\"\",\"potentialAction\":[{\"@type\":\"SearchAction\",\"target\":{\"@type\":\"EntryPoint\",\"urlTemplate\":\"https:\\\/\\\/www.feuerwehr-daun.de\\\/wp\\\/?s={search_term_string}\"},\"query-input\":{\"@type\":\"PropertyValueSpecification\",\"valueRequired\":true,\"valueName\":\"search_term_string\"}}],\"inLanguage\":\"de\"},{\"@type\":\"Person\",\"@id\":\"https:\\\/\\\/www.feuerwehr-daun.de\\\/wp\\\/#\\\/schema\\\/person\\\/8c87bdb81b56f1d6ee9deaf0b837dca8\",\"name\":\"Christoph\",\"url\":\"https:\\\/\\\/www.feuerwehr-daun.de\\\/wp\\\/author\\\/christoph\\\/\"}]}<\/script>\n<!-- \/ Yoast SEO plugin. -->","yoast_head_json":{"title":"Besuch bei der Berufsfeuerwehr K\u00f6ln - Freiwillige Feuerwehr Daun","robots":{"index":"index","follow":"follow","max-snippet":"max-snippet:-1","max-image-preview":"max-image-preview:large","max-video-preview":"max-video-preview:-1"},"canonical":"https:\/\/www.feuerwehr-daun.de\/wp\/besuche-der-berufsfeuerwehr-koeln\/","og_locale":"de_DE","og_type":"article","og_title":"Besuch bei der Berufsfeuerwehr K\u00f6ln - Freiwillige Feuerwehr Daun","og_description":"\u201eDa m\u00fcssen wir noch \u00fcben, bis wir uns so schnell umziehen k\u00f6nnen\u201c, kommentierten die Sch\u00fcler des Dauner Geschwister-Scholl-Gymnasiums anl\u00e4sslich der Besichtigung der Feuerwache 2 Marienthal der Berufsfeuerwehr K\u00f6ln. Kurz zuvor, w\u00e4hrend der Besichtigung der Fahrzeughalle, ert\u00f6nte der Alarmgong f\u00fcr den L\u00f6schzug, Feuerwehrm\u00e4nner fielen scheinbar entlang der Rutschstange von der Decke, zogen sich um, bestiegen die Fahrzeuge und fuhren davon. Und [...]","og_url":"https:\/\/www.feuerwehr-daun.de\/wp\/besuche-der-berufsfeuerwehr-koeln\/","og_site_name":"Freiwillige Feuerwehr Daun","article_publisher":"http:\/\/www.facebook.com\/feuerwehr.daun\/","article_published_time":"2014-11-17T17:01:25+00:00","article_modified_time":"2014-11-18T16:03:15+00:00","og_image":[{"width":680,"height":300,"url":"https:\/\/www.feuerwehr-daun.de\/wp\/wp-content\/uploads\/2014\/11\/Wache-2-BF-K\u00f6ln-2014.jpg","type":"image\/jpeg"}],"author":"Christoph","twitter_card":"summary_large_image","twitter_creator":"@Feuerwehr_Daun","twitter_site":"@Feuerwehr_Daun","twitter_misc":{"Verfasst von":"Christoph","Gesch\u00e4tzte Lesezeit":"1\u00a0Minute"},"schema":{"@context":"https:\/\/schema.org","@graph":[{"@type":"Article","@id":"https:\/\/www.feuerwehr-daun.de\/wp\/besuche-der-berufsfeuerwehr-koeln\/#article","isPartOf":{"@id":"https:\/\/www.feuerwehr-daun.de\/wp\/besuche-der-berufsfeuerwehr-koeln\/"},"author":{"name":"Christoph","@id":"https:\/\/www.feuerwehr-daun.de\/wp\/#\/schema\/person\/8c87bdb81b56f1d6ee9deaf0b837dca8"},"headline":"Besuch bei der Berufsfeuerwehr K\u00f6ln","datePublished":"2014-11-17T17:01:25+00:00","dateModified":"2014-11-18T16:03:15+00:00","mainEntityOfPage":{"@id":"https:\/\/www.feuerwehr-daun.de\/wp\/besuche-der-berufsfeuerwehr-koeln\/"},"wordCount":197,"image":{"@id":"https:\/\/www.feuerwehr-daun.de\/wp\/besuche-der-berufsfeuerwehr-koeln\/#primaryimage"},"thumbnailUrl":"https:\/\/www.feuerwehr-daun.de\/wp\/wp-content\/uploads\/2014\/11\/Wache-2-BF-K\u00f6ln-2014.jpg","keywords":["Feuerwehr-AG"],"articleSection":["Aktuelles"],"inLanguage":"de"},{"@type":"WebPage","@id":"https:\/\/www.feuerwehr-daun.de\/wp\/besuche-der-berufsfeuerwehr-koeln\/","url":"https:\/\/www.feuerwehr-daun.de\/wp\/besuche-der-berufsfeuerwehr-koeln\/","name":"Besuch bei der Berufsfeuerwehr K\u00f6ln - Freiwillige Feuerwehr Daun","isPartOf":{"@id":"https:\/\/www.feuerwehr-daun.de\/wp\/#website"},"primaryImageOfPage":{"@id":"https:\/\/www.feuerwehr-daun.de\/wp\/besuche-der-berufsfeuerwehr-koeln\/#primaryimage"},"image":{"@id":"https:\/\/www.feuerwehr-daun.de\/wp\/besuche-der-berufsfeuerwehr-koeln\/#primaryimage"},"thumbnailUrl":"https:\/\/www.feuerwehr-daun.de\/wp\/wp-content\/uploads\/2014\/11\/Wache-2-BF-K\u00f6ln-2014.jpg","datePublished":"2014-11-17T17:01:25+00:00","dateModified":"2014-11-18T16:03:15+00:00","author":{"@id":"https:\/\/www.feuerwehr-daun.de\/wp\/#\/schema\/person\/8c87bdb81b56f1d6ee9deaf0b837dca8"},"breadcrumb":{"@id":"https:\/\/www.feuerwehr-daun.de\/wp\/besuche-der-berufsfeuerwehr-koeln\/#breadcrumb"},"inLanguage":"de","potentialAction":[{"@type":"ReadAction","target":["https:\/\/www.feuerwehr-daun.de\/wp\/besuche-der-berufsfeuerwehr-koeln\/"]}]},{"@type":"ImageObject","inLanguage":"de","@id":"https:\/\/www.feuerwehr-daun.de\/wp\/besuche-der-berufsfeuerwehr-koeln\/#primaryimage","url":"https:\/\/www.feuerwehr-daun.de\/wp\/wp-content\/uploads\/2014\/11\/Wache-2-BF-K\u00f6ln-2014.jpg","contentUrl":"https:\/\/www.feuerwehr-daun.de\/wp\/wp-content\/uploads\/2014\/11\/Wache-2-BF-K\u00f6ln-2014.jpg","width":680,"height":300},{"@type":"BreadcrumbList","@id":"https:\/\/www.feuerwehr-daun.de\/wp\/besuche-der-berufsfeuerwehr-koeln\/#breadcrumb","itemListElement":[{"@type":"ListItem","position":1,"name":"Startseite","item":"https:\/\/www.feuerwehr-daun.de\/wp\/"},{"@type":"ListItem","position":2,"name":"Besuch bei der Berufsfeuerwehr K\u00f6ln"}]},{"@type":"WebSite","@id":"https:\/\/www.feuerwehr-daun.de\/wp\/#website","url":"https:\/\/www.feuerwehr-daun.de\/wp\/","name":"Freiwillige Feuerwehr Daun","description":"","potentialAction":[{"@type":"SearchAction","target":{"@type":"EntryPoint","urlTemplate":"https:\/\/www.feuerwehr-daun.de\/wp\/?s={search_term_string}"},"query-input":{"@type":"PropertyValueSpecification","valueRequired":true,"valueName":"search_term_string"}}],"inLanguage":"de"},{"@type":"Person","@id":"https:\/\/www.feuerwehr-daun.de\/wp\/#\/schema\/person\/8c87bdb81b56f1d6ee9deaf0b837dca8","name":"Christoph","url":"https:\/\/www.feuerwehr-daun.de\/wp\/author\/christoph\/"}]}},"_links":{"self":[{"href":"https:\/\/www.feuerwehr-daun.de\/wp\/wp-json\/wp\/v2\/posts\/738","targetHints":{"allow":["GET"]}}],"collection":[{"href":"https:\/\/www.feuerwehr-daun.de\/wp\/wp-json\/wp\/v2\/posts"}],"about":[{"href":"https:\/\/www.feuerwehr-daun.de\/wp\/wp-json\/wp\/v2\/types\/post"}],"author":[{"embeddable":true,"href":"https:\/\/www.feuerwehr-daun.de\/wp\/wp-json\/wp\/v2\/users\/8"}],"replies":[{"embeddable":true,"href":"https:\/\/www.feuerwehr-daun.de\/wp\/wp-json\/wp\/v2\/comments?post=738"}],"version-history":[{"count":2,"href":"https:\/\/www.feuerwehr-daun.de\/wp\/wp-json\/wp\/v2\/posts\/738\/revisions"}],"predecessor-version":[{"id":749,"href":"https:\/\/www.feuerwehr-daun.de\/wp\/wp-json\/wp\/v2\/posts\/738\/revisions\/749"}],"wp:featuredmedia":[{"embeddable":true,"href":"https:\/\/www.feuerwehr-daun.de\/wp\/wp-json\/wp\/v2\/media\/739"}],"wp:attachment":[{"href":"https:\/\/www.feuerwehr-daun.de\/wp\/wp-json\/wp\/v2\/media?parent=738"}],"wp:term":[{"taxonomy":"category","embeddable":true,"href":"https:\/\/www.feuerwehr-daun.de\/wp\/wp-json\/wp\/v2\/categories?post=738"},{"taxonomy":"post_tag","embeddable":true,"href":"https:\/\/www.feuerwehr-daun.de\/wp\/wp-json\/wp\/v2\/tags?post=738"}],"curies":[{"name":"wp","href":"https:\/\/api.w.org\/{rel}","templated":true}]}}