{"id":9105,"date":"2022-07-20T09:59:13","date_gmt":"2022-07-20T07:59:13","guid":{"rendered":"https:\/\/www.feuerwehr-daun.de\/wp\/?p=9105"},"modified":"2022-07-20T09:59:15","modified_gmt":"2022-07-20T07:59:15","slug":"einsatz-118-2022-flaechenbrand-bei-rengen","status":"publish","type":"post","link":"https:\/\/www.feuerwehr-daun.de\/wp\/einsatz-118-2022-flaechenbrand-bei-rengen\/","title":{"rendered":"Einsatz 118\/2022: Fl\u00e4chenbrand bei Rengen"},"content":{"rendered":"\n<p>Am 19.07.2022 wurden die Feuerwehren aus Daun und Waldk\u00f6nigen um 17.26 Uhr zu einem Fl\u00e4chenbrand bei Waldk\u00f6nigen alarmiert. Den Brand hatte ein aufmerksamer Fahrer auf der A1 gemeldet, der ihn von dort aus gesehen hatte. Kurz nach dem Ausr\u00fccken der Feuerwehr Daun Richtung Waldk\u00f6nigen kam die Info, dass der Brand bei Rengen sei. W\u00e4hrend die Dauner Fahrzeuge Richtung Rengen abdrehten, wurde zus\u00e4tzlich von der <a href=\"https:\/\/feuerwehr.trier.de\/berufsfeuerwehr\/leitstelle\/\" target=\"_blank\" rel=\"noreferrer noopener\">Integrierten Leitstelle Trier<\/a> die Feuerwehr Rengen alarmiert.<\/p>\n\n\n\n<figure class=\"wp-block-image size-full\"><img loading=\"lazy\" decoding=\"async\" width=\"900\" height=\"400\" src=\"http:\/\/www.feuerwehr-daun.de\/wp\/wp-content\/uploads\/2022\/07\/2022-07-19-Flaechenbrand-Rengen-2.jpg\" alt=\"\" class=\"wp-image-9107\" srcset=\"https:\/\/www.feuerwehr-daun.de\/wp\/wp-content\/uploads\/2022\/07\/2022-07-19-Flaechenbrand-Rengen-2.jpg 900w, https:\/\/www.feuerwehr-daun.de\/wp\/wp-content\/uploads\/2022\/07\/2022-07-19-Flaechenbrand-Rengen-2-300x133.jpg 300w, https:\/\/www.feuerwehr-daun.de\/wp\/wp-content\/uploads\/2022\/07\/2022-07-19-Flaechenbrand-Rengen-2-768x341.jpg 768w\" sizes=\"auto, (max-width: 900px) 100vw, 900px\" \/><\/figure>\n\n\n\n<p>Beim Eintreffen der Feuerwehr Daun hatte die Feuerwehr Rengen das Feuer bereits mit Feuerpatschen unter Kontrolle. Schnell wurde von der Feuerwehr Waldk\u00f6nigen eine Wasserversorgung von einem naheliegenden Hydranten zum Dauner <a href=\"https:\/\/www.feuerwehr-daun.de\/wp\/fahrzeuge\/tlf-16-25\/\" target=\"_blank\" rel=\"noreferrer noopener\">Tankl\u00f6schfahrzeug<\/a> TLF aufgebaut. So konnte, nachdem der 2.400 Liter Wassertank des TLF leer war, sofort weitergel\u00f6scht werden.<\/p>\n\n\n\n<figure class=\"wp-block-image size-full\"><img loading=\"lazy\" decoding=\"async\" width=\"900\" height=\"400\" src=\"http:\/\/www.feuerwehr-daun.de\/wp\/wp-content\/uploads\/2022\/07\/2022-07-19-Flaechenbrand-Rengen-3.jpg\" alt=\"\" class=\"wp-image-9108\" srcset=\"https:\/\/www.feuerwehr-daun.de\/wp\/wp-content\/uploads\/2022\/07\/2022-07-19-Flaechenbrand-Rengen-3.jpg 900w, https:\/\/www.feuerwehr-daun.de\/wp\/wp-content\/uploads\/2022\/07\/2022-07-19-Flaechenbrand-Rengen-3-300x133.jpg 300w, https:\/\/www.feuerwehr-daun.de\/wp\/wp-content\/uploads\/2022\/07\/2022-07-19-Flaechenbrand-Rengen-3-768x341.jpg 768w\" sizes=\"auto, (max-width: 900px) 100vw, 900px\" \/><\/figure>\n\n\n\n<p>Die umliegende Vegetation wurde nun mit mehreren Strahlrohren befeuchtet, so dass die Gefahr des Wiederaufflammens  des Fl\u00e4chenbrandes gebannt war.<\/p>\n","protected":false},"excerpt":{"rendered":"<p>Am 19.07.2022 wurden die Feuerwehren aus Daun und Waldk\u00f6nigen um 17.26 Uhr zu einem Fl\u00e4chenbrand bei Waldk\u00f6nigen alarmiert. Den Brand hatte ein aufmerksamer Fahrer auf der A1 gemeldet, der ihn von dort aus gesehen hatte. Kurz nach dem Ausr\u00fccken der Feuerwehr Daun Richtung Waldk\u00f6nigen kam die Info, dass der Brand bei Rengen sei. W\u00e4hrend die Dauner Fahrzeuge Richtung Rengen abdrehten, [&#8230;]<\/p>\n","protected":false},"author":8,"featured_media":9106,"comment_status":"closed","ping_status":"open","sticky":false,"template":"","format":"standard","meta":{"_s2mail":"yes","footnotes":""},"categories":[1,5,72],"tags":[],"class_list":["post-9105","post","type-post","status-publish","format-standard","has-post-thumbnail","hentry","category-aktuelles","category-einsatze","category-einsaetze-2022"],"yoast_head":"<!-- This site is optimized with the Yoast SEO plugin v27.5 - https:\/\/yoast.com\/product\/yoast-seo-wordpress\/ -->\n<title>Einsatz 118\/2022: Fl\u00e4chenbrand bei Rengen - Freiwillige Feuerwehr Daun<\/title>\n<meta name=\"robots\" content=\"index, follow, max-snippet:-1, max-image-preview:large, max-video-preview:-1\" \/>\n<link rel=\"canonical\" href=\"https:\/\/www.feuerwehr-daun.de\/wp\/einsatz-118-2022-flaechenbrand-bei-rengen\/\" \/>\n<meta property=\"og:locale\" content=\"de_DE\" \/>\n<meta property=\"og:type\" content=\"article\" \/>\n<meta property=\"og:title\" content=\"Einsatz 118\/2022: Fl\u00e4chenbrand bei Rengen - Freiwillige Feuerwehr Daun\" \/>\n<meta property=\"og:description\" content=\"Am 19.07.2022 wurden die Feuerwehren aus Daun und Waldk\u00f6nigen um 17.26 Uhr zu einem Fl\u00e4chenbrand bei Waldk\u00f6nigen alarmiert. Den Brand hatte ein aufmerksamer Fahrer auf der A1 gemeldet, der ihn von dort aus gesehen hatte. Kurz nach dem Ausr\u00fccken der Feuerwehr Daun Richtung Waldk\u00f6nigen kam die Info, dass der Brand bei Rengen sei. W\u00e4hrend die Dauner Fahrzeuge Richtung Rengen abdrehten, [...]\" \/>\n<meta property=\"og:url\" content=\"https:\/\/www.feuerwehr-daun.de\/wp\/einsatz-118-2022-flaechenbrand-bei-rengen\/\" \/>\n<meta property=\"og:site_name\" content=\"Freiwillige Feuerwehr Daun\" \/>\n<meta property=\"article:publisher\" content=\"http:\/\/www.facebook.com\/feuerwehr.daun\/\" \/>\n<meta property=\"article:published_time\" content=\"2022-07-20T07:59:13+00:00\" \/>\n<meta property=\"article:modified_time\" content=\"2022-07-20T07:59:15+00:00\" \/>\n<meta property=\"og:image\" content=\"http:\/\/www.feuerwehr-daun.de\/wp\/wp-content\/uploads\/2022\/07\/2022-07-19-Flaechenbrand-Rengen-1.jpg\" \/>\n\t<meta property=\"og:image:width\" content=\"900\" \/>\n\t<meta property=\"og:image:height\" content=\"400\" \/>\n\t<meta property=\"og:image:type\" content=\"image\/jpeg\" \/>\n<meta name=\"author\" content=\"Christoph\" \/>\n<meta name=\"twitter:card\" content=\"summary_large_image\" \/>\n<meta name=\"twitter:creator\" content=\"@Feuerwehr_Daun\" \/>\n<meta name=\"twitter:site\" content=\"@Feuerwehr_Daun\" \/>\n<meta name=\"twitter:label1\" content=\"Verfasst von\" \/>\n\t<meta name=\"twitter:data1\" content=\"Christoph\" \/>\n\t<meta name=\"twitter:label2\" content=\"Gesch\u00e4tzte Lesezeit\" \/>\n\t<meta name=\"twitter:data2\" content=\"2\u00a0Minuten\" \/>\n<script type=\"application\/ld+json\" class=\"yoast-schema-graph\">{\"@context\":\"https:\\\/\\\/schema.org\",\"@graph\":[{\"@type\":\"Article\",\"@id\":\"https:\\\/\\\/www.feuerwehr-daun.de\\\/wp\\\/einsatz-118-2022-flaechenbrand-bei-rengen\\\/#article\",\"isPartOf\":{\"@id\":\"https:\\\/\\\/www.feuerwehr-daun.de\\\/wp\\\/einsatz-118-2022-flaechenbrand-bei-rengen\\\/\"},\"author\":{\"name\":\"Christoph\",\"@id\":\"https:\\\/\\\/www.feuerwehr-daun.de\\\/wp\\\/#\\\/schema\\\/person\\\/8c87bdb81b56f1d6ee9deaf0b837dca8\"},\"headline\":\"Einsatz 118\\\/2022: Fl\u00e4chenbrand bei Rengen\",\"datePublished\":\"2022-07-20T07:59:13+00:00\",\"dateModified\":\"2022-07-20T07:59:15+00:00\",\"mainEntityOfPage\":{\"@id\":\"https:\\\/\\\/www.feuerwehr-daun.de\\\/wp\\\/einsatz-118-2022-flaechenbrand-bei-rengen\\\/\"},\"wordCount\":150,\"image\":{\"@id\":\"https:\\\/\\\/www.feuerwehr-daun.de\\\/wp\\\/einsatz-118-2022-flaechenbrand-bei-rengen\\\/#primaryimage\"},\"thumbnailUrl\":\"https:\\\/\\\/www.feuerwehr-daun.de\\\/wp\\\/wp-content\\\/uploads\\\/2022\\\/07\\\/2022-07-19-Flaechenbrand-Rengen-1.jpg\",\"articleSection\":[\"Aktuelles\",\"Eins\u00e4tze\",\"Eins\u00e4tze 2022\"],\"inLanguage\":\"de\"},{\"@type\":\"WebPage\",\"@id\":\"https:\\\/\\\/www.feuerwehr-daun.de\\\/wp\\\/einsatz-118-2022-flaechenbrand-bei-rengen\\\/\",\"url\":\"https:\\\/\\\/www.feuerwehr-daun.de\\\/wp\\\/einsatz-118-2022-flaechenbrand-bei-rengen\\\/\",\"name\":\"Einsatz 118\\\/2022: Fl\u00e4chenbrand bei Rengen - Freiwillige Feuerwehr Daun\",\"isPartOf\":{\"@id\":\"https:\\\/\\\/www.feuerwehr-daun.de\\\/wp\\\/#website\"},\"primaryImageOfPage\":{\"@id\":\"https:\\\/\\\/www.feuerwehr-daun.de\\\/wp\\\/einsatz-118-2022-flaechenbrand-bei-rengen\\\/#primaryimage\"},\"image\":{\"@id\":\"https:\\\/\\\/www.feuerwehr-daun.de\\\/wp\\\/einsatz-118-2022-flaechenbrand-bei-rengen\\\/#primaryimage\"},\"thumbnailUrl\":\"https:\\\/\\\/www.feuerwehr-daun.de\\\/wp\\\/wp-content\\\/uploads\\\/2022\\\/07\\\/2022-07-19-Flaechenbrand-Rengen-1.jpg\",\"datePublished\":\"2022-07-20T07:59:13+00:00\",\"dateModified\":\"2022-07-20T07:59:15+00:00\",\"author\":{\"@id\":\"https:\\\/\\\/www.feuerwehr-daun.de\\\/wp\\\/#\\\/schema\\\/person\\\/8c87bdb81b56f1d6ee9deaf0b837dca8\"},\"breadcrumb\":{\"@id\":\"https:\\\/\\\/www.feuerwehr-daun.de\\\/wp\\\/einsatz-118-2022-flaechenbrand-bei-rengen\\\/#breadcrumb\"},\"inLanguage\":\"de\",\"potentialAction\":[{\"@type\":\"ReadAction\",\"target\":[\"https:\\\/\\\/www.feuerwehr-daun.de\\\/wp\\\/einsatz-118-2022-flaechenbrand-bei-rengen\\\/\"]}]},{\"@type\":\"ImageObject\",\"inLanguage\":\"de\",\"@id\":\"https:\\\/\\\/www.feuerwehr-daun.de\\\/wp\\\/einsatz-118-2022-flaechenbrand-bei-rengen\\\/#primaryimage\",\"url\":\"https:\\\/\\\/www.feuerwehr-daun.de\\\/wp\\\/wp-content\\\/uploads\\\/2022\\\/07\\\/2022-07-19-Flaechenbrand-Rengen-1.jpg\",\"contentUrl\":\"https:\\\/\\\/www.feuerwehr-daun.de\\\/wp\\\/wp-content\\\/uploads\\\/2022\\\/07\\\/2022-07-19-Flaechenbrand-Rengen-1.jpg\",\"width\":900,\"height\":400},{\"@type\":\"BreadcrumbList\",\"@id\":\"https:\\\/\\\/www.feuerwehr-daun.de\\\/wp\\\/einsatz-118-2022-flaechenbrand-bei-rengen\\\/#breadcrumb\",\"itemListElement\":[{\"@type\":\"ListItem\",\"position\":1,\"name\":\"Startseite\",\"item\":\"https:\\\/\\\/www.feuerwehr-daun.de\\\/wp\\\/\"},{\"@type\":\"ListItem\",\"position\":2,\"name\":\"Einsatz 118\\\/2022: Fl\u00e4chenbrand bei Rengen\"}]},{\"@type\":\"WebSite\",\"@id\":\"https:\\\/\\\/www.feuerwehr-daun.de\\\/wp\\\/#website\",\"url\":\"https:\\\/\\\/www.feuerwehr-daun.de\\\/wp\\\/\",\"name\":\"Freiwillige Feuerwehr Daun\",\"description\":\"\",\"potentialAction\":[{\"@type\":\"SearchAction\",\"target\":{\"@type\":\"EntryPoint\",\"urlTemplate\":\"https:\\\/\\\/www.feuerwehr-daun.de\\\/wp\\\/?s={search_term_string}\"},\"query-input\":{\"@type\":\"PropertyValueSpecification\",\"valueRequired\":true,\"valueName\":\"search_term_string\"}}],\"inLanguage\":\"de\"},{\"@type\":\"Person\",\"@id\":\"https:\\\/\\\/www.feuerwehr-daun.de\\\/wp\\\/#\\\/schema\\\/person\\\/8c87bdb81b56f1d6ee9deaf0b837dca8\",\"name\":\"Christoph\",\"url\":\"https:\\\/\\\/www.feuerwehr-daun.de\\\/wp\\\/author\\\/christoph\\\/\"}]}<\/script>\n<!-- \/ Yoast SEO plugin. -->","yoast_head_json":{"title":"Einsatz 118\/2022: Fl\u00e4chenbrand bei Rengen - Freiwillige Feuerwehr Daun","robots":{"index":"index","follow":"follow","max-snippet":"max-snippet:-1","max-image-preview":"max-image-preview:large","max-video-preview":"max-video-preview:-1"},"canonical":"https:\/\/www.feuerwehr-daun.de\/wp\/einsatz-118-2022-flaechenbrand-bei-rengen\/","og_locale":"de_DE","og_type":"article","og_title":"Einsatz 118\/2022: Fl\u00e4chenbrand bei Rengen - Freiwillige Feuerwehr Daun","og_description":"Am 19.07.2022 wurden die Feuerwehren aus Daun und Waldk\u00f6nigen um 17.26 Uhr zu einem Fl\u00e4chenbrand bei Waldk\u00f6nigen alarmiert. Den Brand hatte ein aufmerksamer Fahrer auf der A1 gemeldet, der ihn von dort aus gesehen hatte. Kurz nach dem Ausr\u00fccken der Feuerwehr Daun Richtung Waldk\u00f6nigen kam die Info, dass der Brand bei Rengen sei. W\u00e4hrend die Dauner Fahrzeuge Richtung Rengen abdrehten, [...]","og_url":"https:\/\/www.feuerwehr-daun.de\/wp\/einsatz-118-2022-flaechenbrand-bei-rengen\/","og_site_name":"Freiwillige Feuerwehr Daun","article_publisher":"http:\/\/www.facebook.com\/feuerwehr.daun\/","article_published_time":"2022-07-20T07:59:13+00:00","article_modified_time":"2022-07-20T07:59:15+00:00","og_image":[{"width":900,"height":400,"url":"http:\/\/www.feuerwehr-daun.de\/wp\/wp-content\/uploads\/2022\/07\/2022-07-19-Flaechenbrand-Rengen-1.jpg","type":"image\/jpeg"}],"author":"Christoph","twitter_card":"summary_large_image","twitter_creator":"@Feuerwehr_Daun","twitter_site":"@Feuerwehr_Daun","twitter_misc":{"Verfasst von":"Christoph","Gesch\u00e4tzte Lesezeit":"2\u00a0Minuten"},"schema":{"@context":"https:\/\/schema.org","@graph":[{"@type":"Article","@id":"https:\/\/www.feuerwehr-daun.de\/wp\/einsatz-118-2022-flaechenbrand-bei-rengen\/#article","isPartOf":{"@id":"https:\/\/www.feuerwehr-daun.de\/wp\/einsatz-118-2022-flaechenbrand-bei-rengen\/"},"author":{"name":"Christoph","@id":"https:\/\/www.feuerwehr-daun.de\/wp\/#\/schema\/person\/8c87bdb81b56f1d6ee9deaf0b837dca8"},"headline":"Einsatz 118\/2022: Fl\u00e4chenbrand bei Rengen","datePublished":"2022-07-20T07:59:13+00:00","dateModified":"2022-07-20T07:59:15+00:00","mainEntityOfPage":{"@id":"https:\/\/www.feuerwehr-daun.de\/wp\/einsatz-118-2022-flaechenbrand-bei-rengen\/"},"wordCount":150,"image":{"@id":"https:\/\/www.feuerwehr-daun.de\/wp\/einsatz-118-2022-flaechenbrand-bei-rengen\/#primaryimage"},"thumbnailUrl":"https:\/\/www.feuerwehr-daun.de\/wp\/wp-content\/uploads\/2022\/07\/2022-07-19-Flaechenbrand-Rengen-1.jpg","articleSection":["Aktuelles","Eins\u00e4tze","Eins\u00e4tze 2022"],"inLanguage":"de"},{"@type":"WebPage","@id":"https:\/\/www.feuerwehr-daun.de\/wp\/einsatz-118-2022-flaechenbrand-bei-rengen\/","url":"https:\/\/www.feuerwehr-daun.de\/wp\/einsatz-118-2022-flaechenbrand-bei-rengen\/","name":"Einsatz 118\/2022: Fl\u00e4chenbrand bei Rengen - Freiwillige Feuerwehr Daun","isPartOf":{"@id":"https:\/\/www.feuerwehr-daun.de\/wp\/#website"},"primaryImageOfPage":{"@id":"https:\/\/www.feuerwehr-daun.de\/wp\/einsatz-118-2022-flaechenbrand-bei-rengen\/#primaryimage"},"image":{"@id":"https:\/\/www.feuerwehr-daun.de\/wp\/einsatz-118-2022-flaechenbrand-bei-rengen\/#primaryimage"},"thumbnailUrl":"https:\/\/www.feuerwehr-daun.de\/wp\/wp-content\/uploads\/2022\/07\/2022-07-19-Flaechenbrand-Rengen-1.jpg","datePublished":"2022-07-20T07:59:13+00:00","dateModified":"2022-07-20T07:59:15+00:00","author":{"@id":"https:\/\/www.feuerwehr-daun.de\/wp\/#\/schema\/person\/8c87bdb81b56f1d6ee9deaf0b837dca8"},"breadcrumb":{"@id":"https:\/\/www.feuerwehr-daun.de\/wp\/einsatz-118-2022-flaechenbrand-bei-rengen\/#breadcrumb"},"inLanguage":"de","potentialAction":[{"@type":"ReadAction","target":["https:\/\/www.feuerwehr-daun.de\/wp\/einsatz-118-2022-flaechenbrand-bei-rengen\/"]}]},{"@type":"ImageObject","inLanguage":"de","@id":"https:\/\/www.feuerwehr-daun.de\/wp\/einsatz-118-2022-flaechenbrand-bei-rengen\/#primaryimage","url":"https:\/\/www.feuerwehr-daun.de\/wp\/wp-content\/uploads\/2022\/07\/2022-07-19-Flaechenbrand-Rengen-1.jpg","contentUrl":"https:\/\/www.feuerwehr-daun.de\/wp\/wp-content\/uploads\/2022\/07\/2022-07-19-Flaechenbrand-Rengen-1.jpg","width":900,"height":400},{"@type":"BreadcrumbList","@id":"https:\/\/www.feuerwehr-daun.de\/wp\/einsatz-118-2022-flaechenbrand-bei-rengen\/#breadcrumb","itemListElement":[{"@type":"ListItem","position":1,"name":"Startseite","item":"https:\/\/www.feuerwehr-daun.de\/wp\/"},{"@type":"ListItem","position":2,"name":"Einsatz 118\/2022: Fl\u00e4chenbrand bei Rengen"}]},{"@type":"WebSite","@id":"https:\/\/www.feuerwehr-daun.de\/wp\/#website","url":"https:\/\/www.feuerwehr-daun.de\/wp\/","name":"Freiwillige Feuerwehr Daun","description":"","potentialAction":[{"@type":"SearchAction","target":{"@type":"EntryPoint","urlTemplate":"https:\/\/www.feuerwehr-daun.de\/wp\/?s={search_term_string}"},"query-input":{"@type":"PropertyValueSpecification","valueRequired":true,"valueName":"search_term_string"}}],"inLanguage":"de"},{"@type":"Person","@id":"https:\/\/www.feuerwehr-daun.de\/wp\/#\/schema\/person\/8c87bdb81b56f1d6ee9deaf0b837dca8","name":"Christoph","url":"https:\/\/www.feuerwehr-daun.de\/wp\/author\/christoph\/"}]}},"_links":{"self":[{"href":"https:\/\/www.feuerwehr-daun.de\/wp\/wp-json\/wp\/v2\/posts\/9105","targetHints":{"allow":["GET"]}}],"collection":[{"href":"https:\/\/www.feuerwehr-daun.de\/wp\/wp-json\/wp\/v2\/posts"}],"about":[{"href":"https:\/\/www.feuerwehr-daun.de\/wp\/wp-json\/wp\/v2\/types\/post"}],"author":[{"embeddable":true,"href":"https:\/\/www.feuerwehr-daun.de\/wp\/wp-json\/wp\/v2\/users\/8"}],"replies":[{"embeddable":true,"href":"https:\/\/www.feuerwehr-daun.de\/wp\/wp-json\/wp\/v2\/comments?post=9105"}],"version-history":[{"count":2,"href":"https:\/\/www.feuerwehr-daun.de\/wp\/wp-json\/wp\/v2\/posts\/9105\/revisions"}],"predecessor-version":[{"id":9111,"href":"https:\/\/www.feuerwehr-daun.de\/wp\/wp-json\/wp\/v2\/posts\/9105\/revisions\/9111"}],"wp:featuredmedia":[{"embeddable":true,"href":"https:\/\/www.feuerwehr-daun.de\/wp\/wp-json\/wp\/v2\/media\/9106"}],"wp:attachment":[{"href":"https:\/\/www.feuerwehr-daun.de\/wp\/wp-json\/wp\/v2\/media?parent=9105"}],"wp:term":[{"taxonomy":"category","embeddable":true,"href":"https:\/\/www.feuerwehr-daun.de\/wp\/wp-json\/wp\/v2\/categories?post=9105"},{"taxonomy":"post_tag","embeddable":true,"href":"https:\/\/www.feuerwehr-daun.de\/wp\/wp-json\/wp\/v2\/tags?post=9105"}],"curies":[{"name":"wp","href":"https:\/\/api.w.org\/{rel}","templated":true}]}}